{"id":19999,"date":"2011-04-23T20:16:17","date_gmt":"2011-04-23T19:16:17","guid":{"rendered":"http:\/\/df-nyt.dk\/?p=19999"},"modified":"2025-07-14T05:57:01","modified_gmt":"2025-07-14T03:57:01","slug":"paske-protest-for-anstaendighed-nu-med-radikal-deltagelse","status":"publish","type":"post","link":"https:\/\/df-nyt.dk\/blog\/paske-protest-for-anstaendighed-nu-med-radikal-deltagelse\/","title":{"rendered":"P\u00e5ske-protest for anst\u00e6ndighed &#8211; Nu med radikal deltagelse"},"content":{"rendered":"<p><img loading=\"lazy\" decoding=\"async\" class=\"alignleft \" src=\"https:\/\/df-nyt.dk\/wp-content\/uploads\/230420112101.png\" alt=\"\" width=\"257\" height=\"185\" \/>Ikke alle politikkere er lige kvikke<br \/>\n&#8211; desv\u00e6rre<\/p>\n<p>Men der er positive undtagelser.<br \/>\nHusk dem, -og \u00a0<a href=\"https:\/\/df-nyt.dk\/?p=19363\/\" target=\"_blank\" rel=\"noopener noreferrer\"><span style=\"text-decoration: underline;\">hyklerne!<\/span><\/a><\/p>\n<p>-n\u00e5r du s\u00e6tter dit kryds p\u00e5 stemmesedlen.<br \/>\n-Det var syvende l\u00f8rdag i tr\u00e6k med en halv times stille protest mod Svendborg Kommunes behandling af syge borgere \u2013og det var midt i de mange p\u00e5ske-helligdage.<\/p>\n<p>Mange nye mennesker, kom for at deltage i protesten, der markerer et krav om anst\u00e6ndighed behandling af syge og nedslidte borgere.<\/p>\n<p>Omkring 90 deltagere var der i dagens stille protest<\/p>\n<p>L\u00f8rdagens protestaktion fik deltagelse af endnu en politiker<br \/>\n\u2013fra et parti, som endnu ikke har v\u00e6ret med.<\/p>\n<p>Radikale Venstres folketingskandidat, Emil Dyred, dukkede op for at deltage. Skriver Frede Jakobsen p\u00e5\u00a0Netavisen \/\/svendborgsnetavis.dk \/stille-paske-protest<br \/>\n\/\/svendborgsnetavis.dk\/stille-paske-protest-for-anst%C3%A6ndighed\/&#8221; <\/p>\n<p>For yderlig l\u00e6sning<\/p>\n<p><a href=\"https:\/\/df-nyt.dk\/?p=19423\/\" target=\"_blank\" rel=\"noopener noreferrer\"><span style=\"text-decoration: underline;\">Svendborgenserne-samles-igen-i-dag\u2013for-femte-l\u00f8rdag-i-tr\u00e6k<\/span><\/a><\/p>\n","protected":false},"excerpt":{"rendered":"<p>Ikke alle politikkere er lige kvikke &#8211; desv\u00e6rre Men der er positive undtagelser. Husk dem, -og \u00a0hyklerne! -n\u00e5r du s\u00e6tter dit kryds p\u00e5 stemmesedlen. -Det var syvende l\u00f8rdag i tr\u00e6k med en halv times stille protest mod Svendborg Kommunes behandling af syge borgere \u2013og det var midt i de mange p\u00e5ske-helligdage. Mange nye mennesker, kom [&hellip;]<\/p>\n","protected":false},"author":10,"featured_media":0,"comment_status":"open","ping_status":"closed","sticky":false,"template":"","format":"standard","meta":{"footnotes":""},"categories":[1],"tags":[],"class_list":["post-19999","post","type-post","status-publish","format-standard","hentry","category-df-nyt-dk"],"_links":{"self":[{"href":"https:\/\/df-nyt.dk\/blog\/wp-json\/wp\/v2\/posts\/19999","targetHints":{"allow":["GET"]}}],"collection":[{"href":"https:\/\/df-nyt.dk\/blog\/wp-json\/wp\/v2\/posts"}],"about":[{"href":"https:\/\/df-nyt.dk\/blog\/wp-json\/wp\/v2\/types\/post"}],"author":[{"embeddable":true,"href":"https:\/\/df-nyt.dk\/blog\/wp-json\/wp\/v2\/users\/10"}],"replies":[{"embeddable":true,"href":"https:\/\/df-nyt.dk\/blog\/wp-json\/wp\/v2\/comments?post=19999"}],"version-history":[{"count":3,"href":"https:\/\/df-nyt.dk\/blog\/wp-json\/wp\/v2\/posts\/19999\/revisions"}],"predecessor-version":[{"id":109024,"href":"https:\/\/df-nyt.dk\/blog\/wp-json\/wp\/v2\/posts\/19999\/revisions\/109024"}],"wp:attachment":[{"href":"https:\/\/df-nyt.dk\/blog\/wp-json\/wp\/v2\/media?parent=19999"}],"wp:term":[{"taxonomy":"category","embeddable":true,"href":"https:\/\/df-nyt.dk\/blog\/wp-json\/wp\/v2\/categories?post=19999"},{"taxonomy":"post_tag","embeddable":true,"href":"https:\/\/df-nyt.dk\/blog\/wp-json\/wp\/v2\/tags?post=19999"}],"curies":[{"name":"wp","href":"https:\/\/api.w.org\/{rel}","templated":true}]}}