{"id":20015,"date":"2011-04-24T21:34:05","date_gmt":"2011-04-24T20:34:05","guid":{"rendered":"http:\/\/df-nyt.dk\/?p=20015"},"modified":"2017-08-07T17:50:12","modified_gmt":"2017-08-07T15:50:12","slug":"g%c3%b8r-som-morten-stem-pa-kenneth","status":"publish","type":"post","link":"https:\/\/df-nyt.dk\/blog\/g%c3%b8r-som-morten-stem-pa-kenneth\/","title":{"rendered":"G\u00f8r som Morten stem p\u00e5 Kenneth"},"content":{"rendered":"<p><strong>Kenneth Kristensen Berth st\u00f8ttes af f\u00f8rende Atomkrafttilh\u00e6nger<\/strong><\/p>\n<p><strong>Morten Messerschmidt bakker op bag sin meningsf\u00e6lle fra Dansk Folkeparti.<\/strong><\/p>\n<p><em><strong> I retten <\/strong>i Hvidovre den 11. oktober 2002 blev Morten Messerschmidt, Per Ulrich Karpf, Kenneth Kristensen Berth og et andet tidligere bestyrelsesmedlemmer fra Dansk Folkepartis Ungdom id\u00f8mt<br \/>\n14 dages betinget f\u00e6ngsel for overtr\u00e6delse af straffelovens \u00a7 266b (den s\u00e5kaldte racismeparagraf),<br \/>\nog de to redakt\u00f8rer af bladet blev hver id\u00f8mt fem <a title=\"B\u00f8de\" href=\"https:\/\/da.wikipedia.org\/wiki\/Morten_Messerschmidt\">dagb\u00f8der<\/a> \u00e0 500 kr.<\/p>\n<p>Dommen blev stadf\u00e6stet i \u00d8stre Landsret 9. maj 2003.&#8221; Kilde: <span style=\"text-decoration: underline;\"><strong><a href=\"http:\/\/da.wikipedia.org\/wiki\/Morten_Messerschmidt\">Wikipedia<\/a><\/strong><\/span><\/p>\n<p>&nbsp;<\/p>\n<p><strong><a href=\"https:\/\/df-nyt.dk\/blog\/wp-content\/uploads\/240420112156.png\"><img loading=\"lazy\" decoding=\"async\" class=\"aligncenter size-full wp-image-20019\" title=\"240420112156\" src=\"https:\/\/df-nyt.dk\/blog\/wp-content\/uploads\/240420112156.png\" alt=\"\" width=\"553\" height=\"311\" srcset=\"https:\/\/df-nyt.dk\/blog\/wp-content\/uploads\/240420112156.png 553w, https:\/\/df-nyt.dk\/blog\/wp-content\/uploads\/240420112156-400x224.png 400w\" sizes=\"auto, (max-width: 553px) 100vw, 553px\" \/><\/a><a href=\"https:\/\/df-nyt.dk\/blog\/wp-content\/uploads\/240420112214.png\"><img loading=\"lazy\" decoding=\"async\" class=\"aligncenter size-full wp-image-20016\" title=\"240420112214\" src=\"https:\/\/df-nyt.dk\/blog\/wp-content\/uploads\/240420112214.png\" alt=\"\" width=\"457\" height=\"343\" srcset=\"https:\/\/df-nyt.dk\/blog\/wp-content\/uploads\/240420112214.png 457w, https:\/\/df-nyt.dk\/blog\/wp-content\/uploads\/240420112214-400x300.png 400w\" sizes=\"auto, (max-width: 457px) 100vw, 457px\" \/><\/a><a href=\"https:\/\/df-nyt.dk\/blog\/wp-content\/uploads\/240420112210.png\"><img loading=\"lazy\" decoding=\"async\" class=\"aligncenter size-full wp-image-20017\" title=\"240420112210\" src=\"https:\/\/df-nyt.dk\/blog\/wp-content\/uploads\/240420112210.png\" alt=\"\" width=\"650\" height=\"128\" srcset=\"https:\/\/df-nyt.dk\/blog\/wp-content\/uploads\/240420112210.png 650w, https:\/\/df-nyt.dk\/blog\/wp-content\/uploads\/240420112210-400x78.png 400w\" sizes=\"auto, (max-width: 650px) 100vw, 650px\" \/><\/a><a href=\"https:\/\/df-nyt.dk\/blog\/wp-content\/uploads\/240420112216.png\"><img loading=\"lazy\" decoding=\"async\" class=\"aligncenter size-full wp-image-20018\" title=\"240420112216\" src=\"https:\/\/df-nyt.dk\/blog\/wp-content\/uploads\/240420112216.png\" alt=\"\" width=\"503\" height=\"336\" srcset=\"https:\/\/df-nyt.dk\/blog\/wp-content\/uploads\/240420112216.png 503w, https:\/\/df-nyt.dk\/blog\/wp-content\/uploads\/240420112216-400x267.png 400w\" sizes=\"auto, (max-width: 503px) 100vw, 503px\" \/><\/a> <\/strong><\/p>\n<p>&nbsp;<\/p>\n<p><strong>Der er bla. anvendt et screenshot fra Dyhrs skolens blad &#8216;Uglen&#8217; den 10 marts 2010. &#8211;<br \/>\nsom du kan l\u00e6se <a href=\"http:\/\/e-pages.dk\/ebskole\/557\/2\">HER<\/a><\/strong><\/p>\n<p><strong>L\u00e6s ogs\u00e5:<\/strong><\/p>\n<p><span style=\"text-decoration: underline;\"><strong><a href=\"http:\/\/df-nyt.dk\/?p=19639\"> Kendt A-Kraft-tilh\u00e6nger st\u00f8tter Kenneth Kristensen Berth i valgkampen<\/a><\/strong><\/span><\/p>\n<p>&nbsp;<\/p>\n<p><span style=\"text-decoration: underline;\"><strong><a href=\"http:\/\/df-nyt.dk\/?p=17992\">De fleste danske politikere vender sig st\u00e6rk mod atomkraft &#8211; Men der er undtagelser<\/a><\/strong><\/span><\/p>\n<p>&nbsp;<\/p>\n<p style=\"text-align: center;\"><a href=\"https:\/\/df-nyt.dk\/blog\/wp-content\/uploads\/130420111356.png\"><img loading=\"lazy\" decoding=\"async\" class=\"aligncenter size-full wp-image-19660\" title=\"130420111356\" src=\"https:\/\/df-nyt.dk\/blog\/wp-content\/uploads\/130420111356.png\" alt=\"\" width=\"340\" height=\"295\" \/><\/a><\/p>\n<p>&nbsp;<\/em><\/p>\n","protected":false},"excerpt":{"rendered":"<p>Kenneth Kristensen Berth st\u00f8ttes af f\u00f8rende Atomkrafttilh\u00e6nger Morten Messerschmidt bakker op bag sin meningsf\u00e6lle fra Dansk Folkeparti. I retten i Hvidovre den 11. oktober 2002 blev Morten Messerschmidt, Per Ulrich Karpf, Kenneth Kristensen Berth og et andet tidligere bestyrelsesmedlemmer fra Dansk Folkepartis Ungdom id\u00f8mt 14 dages betinget f\u00e6ngsel for overtr\u00e6delse af straffelovens \u00a7 266b (den [&hellip;]<\/p>\n","protected":false},"author":10,"featured_media":0,"comment_status":"open","ping_status":"closed","sticky":false,"template":"","format":"standard","meta":{"footnotes":""},"categories":[1],"tags":[],"class_list":["post-20015","post","type-post","status-publish","format-standard","hentry","category-df-nyt-dk"],"_links":{"self":[{"href":"https:\/\/df-nyt.dk\/blog\/wp-json\/wp\/v2\/posts\/20015","targetHints":{"allow":["GET"]}}],"collection":[{"href":"https:\/\/df-nyt.dk\/blog\/wp-json\/wp\/v2\/posts"}],"about":[{"href":"https:\/\/df-nyt.dk\/blog\/wp-json\/wp\/v2\/types\/post"}],"author":[{"embeddable":true,"href":"https:\/\/df-nyt.dk\/blog\/wp-json\/wp\/v2\/users\/10"}],"replies":[{"embeddable":true,"href":"https:\/\/df-nyt.dk\/blog\/wp-json\/wp\/v2\/comments?post=20015"}],"version-history":[{"count":0,"href":"https:\/\/df-nyt.dk\/blog\/wp-json\/wp\/v2\/posts\/20015\/revisions"}],"wp:attachment":[{"href":"https:\/\/df-nyt.dk\/blog\/wp-json\/wp\/v2\/media?parent=20015"}],"wp:term":[{"taxonomy":"category","embeddable":true,"href":"https:\/\/df-nyt.dk\/blog\/wp-json\/wp\/v2\/categories?post=20015"},{"taxonomy":"post_tag","embeddable":true,"href":"https:\/\/df-nyt.dk\/blog\/wp-json\/wp\/v2\/tags?post=20015"}],"curies":[{"name":"wp","href":"https:\/\/api.w.org\/{rel}","templated":true}]}}