{"id":20026,"date":"2011-04-25T07:19:54","date_gmt":"2011-04-25T06:19:54","guid":{"rendered":"http:\/\/df-nyt.dk\/?p=20026"},"modified":"2024-01-22T22:25:43","modified_gmt":"2024-01-22T21:25:43","slug":"25-aar-efter-tjernobyl-gensyn-med-den-doede-by","status":"publish","type":"post","link":"https:\/\/df-nyt.dk\/blog\/25-aar-efter-tjernobyl-gensyn-med-den-doede-by\/","title":{"rendered":"25 \u00e5r efter Tjernobyl &#8211; Gensyn med den d\u00f8de by"},"content":{"rendered":"<p><img loading=\"lazy\" decoding=\"async\" class=\"alignnone \" title=\"250420110814\" src=\"https:\/\/df-nyt.dk\/\/wp-content\/uploads\/250420110814.png\" alt=\"\" width=\"200\" height=\"171\" \/><\/p>\n<p>25 \u00e5r efter Tjernobyl \u2013 Gensyn med den d\u00f8de by<br \/>\nJanas familie blev ofre for verdens v\u00e6rste atomkatastrofe.<\/p>\n<p>25 \u00e5r efter pr\u00e6ger den stadig.<br \/>\nReaktor 4 eksploderede 26. april 1986 &#8211;<br \/>\n19 \u00e5r f\u00f8r Jana blev f\u00f8dt.<\/p>\n<p>Pigen er syg det meste af tide<br \/>\nKatastrofen er g\u00e5et i arv til ukrainernes b\u00f8rn.<\/p>\n<p>-Da m\u00f8rket faldt p\u00e5 natten til s\u00f8ndag, kunne \u00e6gteparret Maria og Nikolaj Tjernyj, fra deres sovev\u00e6relse se gyldne flammer slikke rundt om en af kraftv\u00e6rkets reaktorbygninger.<\/p>\n<p>Det var p\u00e5 det tidspunkt, det gik op for den 26-\u00e5rige Nikolaj, at katastrofen havde ramt atomkraftv\u00e6rket fire kilometer fra deres hjem. Skriver netavisen, politiken.dk<\/p>\n<p>Ukraines pr\u00e6sident Viktor Janukovitj og Ruslands pr\u00e6sident Dmitry Medvedev deltog p\u00e5 25-\u00e5rsdagen for Tjernobyl-katastrofen i en ceremonie og afsl\u00f8ring af et mindesm\u00e6rke for ofrene fra Tjernobyl-katastrofen.<\/p>\n<p>Reference<br \/>\nNetavisen \/\/politiken.dk \/udland\/ECE1263812\/25-aar-efter-tjernobyl-gensyn-medden-doede-by\/<br \/>\nNetavisen \/\/day.kiev.ua \/209004<\/p>\n<p>For yderlig l\u00e6sning<\/p>\n<p><a href=\"https:\/\/df-nyt.dk\/verden-star-stille-tirsdag-pa-25-arsdagen-for-tjernobyl-katastrofen\/\" target=\"_blank\" rel=\"noopener noreferrer\"><span style=\"text-decoration: underline;\">25-arsdagen-for-tjernobyl-katastrofen\/<\/span><\/a><\/p>\n","protected":false},"excerpt":{"rendered":"<p>25 \u00e5r efter Tjernobyl \u2013 Gensyn med den d\u00f8de by Janas familie blev ofre for verdens v\u00e6rste atomkatastrofe. 25 \u00e5r efter pr\u00e6ger den stadig. Reaktor 4 eksploderede 26. april 1986 &#8211; 19 \u00e5r f\u00f8r Jana blev f\u00f8dt. Pigen er syg det meste af tide Katastrofen er g\u00e5et i arv til ukrainernes b\u00f8rn. -Da m\u00f8rket faldt [&hellip;]<\/p>\n","protected":false},"author":10,"featured_media":0,"comment_status":"open","ping_status":"closed","sticky":false,"template":"","format":"standard","meta":{"footnotes":""},"categories":[1],"tags":[],"class_list":["post-20026","post","type-post","status-publish","format-standard","hentry","category-df-nyt-dk"],"_links":{"self":[{"href":"https:\/\/df-nyt.dk\/blog\/wp-json\/wp\/v2\/posts\/20026","targetHints":{"allow":["GET"]}}],"collection":[{"href":"https:\/\/df-nyt.dk\/blog\/wp-json\/wp\/v2\/posts"}],"about":[{"href":"https:\/\/df-nyt.dk\/blog\/wp-json\/wp\/v2\/types\/post"}],"author":[{"embeddable":true,"href":"https:\/\/df-nyt.dk\/blog\/wp-json\/wp\/v2\/users\/10"}],"replies":[{"embeddable":true,"href":"https:\/\/df-nyt.dk\/blog\/wp-json\/wp\/v2\/comments?post=20026"}],"version-history":[{"count":3,"href":"https:\/\/df-nyt.dk\/blog\/wp-json\/wp\/v2\/posts\/20026\/revisions"}],"predecessor-version":[{"id":101718,"href":"https:\/\/df-nyt.dk\/blog\/wp-json\/wp\/v2\/posts\/20026\/revisions\/101718"}],"wp:attachment":[{"href":"https:\/\/df-nyt.dk\/blog\/wp-json\/wp\/v2\/media?parent=20026"}],"wp:term":[{"taxonomy":"category","embeddable":true,"href":"https:\/\/df-nyt.dk\/blog\/wp-json\/wp\/v2\/categories?post=20026"},{"taxonomy":"post_tag","embeddable":true,"href":"https:\/\/df-nyt.dk\/blog\/wp-json\/wp\/v2\/tags?post=20026"}],"curies":[{"name":"wp","href":"https:\/\/api.w.org\/{rel}","templated":true}]}}