{"id":20057,"date":"2011-04-25T10:27:41","date_gmt":"2011-04-25T09:27:41","guid":{"rendered":"http:\/\/df-nyt.dk\/?p=20057"},"modified":"2024-10-13T11:35:07","modified_gmt":"2024-10-13T09:35:07","slug":"tepco-%c3%b8nsker-at-opbygge-midlertidig-oplagring-af-radioaktivt-vand","status":"publish","type":"post","link":"https:\/\/df-nyt.dk\/blog\/tepco-%c3%b8nsker-at-opbygge-midlertidig-oplagring-af-radioaktivt-vand\/","title":{"rendered":"Tepco \u00f8nsker at udbygge lager til radioaktivt vand"},"content":{"rendered":"<p><img loading=\"lazy\" decoding=\"async\" class=\"alignnone\" src=\"https:\/\/df-nyt.dk\/wp-content\/uploads\/250420111124.png\" alt=\"\" width=\"233\" height=\"212\" \/><\/p>\n<p>Operat\u00f8rene p\u00e5 det eksploderet japanske atomkraftv\u00e6rk Fukushima \u00f8nsker at udbygge sin kapacitet til midlertidig oplagring af h\u00f8jradioaktivt affald.<\/p>\n<p>Talsmanden fra\u00a0Tepco sagde, if\u00f8lge lokale medier s\u00f8ndagen, at selskabet vil i begyndelsen af juni vil bygge et ekstra bassin med en kapacitet p\u00e5 op til 31.400 tons h\u00f8jradioaktivt-vand.<\/p>\n<p>Behovet for ekstra lagerkapacitet vil stige m\u00e5ned for m\u00e5ned til enorme m\u00e6ngder til december, hvis vand-filtrering og k\u00f8lesystemer ikke virker igen som planlagt til\u00a0juni, fort\u00e6ller den japanske tv-station NHK.<\/p>\n<p>TEPCO har pumpet omkring 70.000 tons h\u00f8jradioaktivt vand fra turbinen og bygningerne, ud i havet.<\/p>\n<p>Det h\u00f8jradioaktivt vand hindrer reparations-arbejdet p\u00e5 k\u00f8lesystemet og udg\u00f8re en fare arbejdstagerene, og for fiskeindustrien. Skriver Zeit-Online<\/p>\n<p>Reference<br \/>\nZeit-Online\/\/zeit.de\/wissen\/umwelt\/2011-04\/tepco-zwischenlager-wasser<\/p>\n<p>For yderlig l\u00e6sning<\/p>\n<p><a href=\"https:\/\/df-nyt.dk\/?p=20015\/\" target=\"_blank\" rel=\"noopener noreferrer\"><span style=\"text-decoration: underline;\">G\u00f8r som Morten stem p\u00e5 Kenneth<\/span><\/a><br \/>\n&nbsp;<br \/>\n<a href=\"https:\/\/df-nyt.dk\/?p=17992\/\" target=\"_blank\" rel=\"noopener noreferrer\"><span style=\"text-decoration: underline;\">De fleste danske politikere vender sig st\u00e6rk mod atomkraft \u2013Men der er undtagelser<\/span><\/a><\/p>\n<p><img loading=\"lazy\" decoding=\"async\" class=\"alignnone  \" src=\"https:\/\/df-nyt.dk\/wp-content\/uploads\/250420111054.png\" alt=\"\" width=\"349\" height=\"339\" \/><\/p>\n","protected":false},"excerpt":{"rendered":"<p>Operat\u00f8rene p\u00e5 det eksploderet japanske atomkraftv\u00e6rk Fukushima \u00f8nsker at udbygge sin kapacitet til midlertidig oplagring af h\u00f8jradioaktivt affald. Talsmanden fra\u00a0Tepco sagde, if\u00f8lge lokale medier s\u00f8ndagen, at selskabet vil i begyndelsen af juni vil bygge et ekstra bassin med en kapacitet p\u00e5 op til 31.400 tons h\u00f8jradioaktivt-vand. Behovet for ekstra lagerkapacitet vil stige m\u00e5ned for m\u00e5ned [&hellip;]<\/p>\n","protected":false},"author":10,"featured_media":0,"comment_status":"open","ping_status":"closed","sticky":false,"template":"","format":"standard","meta":{"footnotes":""},"categories":[1],"tags":[],"class_list":["post-20057","post","type-post","status-publish","format-standard","hentry","category-df-nyt-dk"],"_links":{"self":[{"href":"https:\/\/df-nyt.dk\/blog\/wp-json\/wp\/v2\/posts\/20057","targetHints":{"allow":["GET"]}}],"collection":[{"href":"https:\/\/df-nyt.dk\/blog\/wp-json\/wp\/v2\/posts"}],"about":[{"href":"https:\/\/df-nyt.dk\/blog\/wp-json\/wp\/v2\/types\/post"}],"author":[{"embeddable":true,"href":"https:\/\/df-nyt.dk\/blog\/wp-json\/wp\/v2\/users\/10"}],"replies":[{"embeddable":true,"href":"https:\/\/df-nyt.dk\/blog\/wp-json\/wp\/v2\/comments?post=20057"}],"version-history":[{"count":2,"href":"https:\/\/df-nyt.dk\/blog\/wp-json\/wp\/v2\/posts\/20057\/revisions"}],"predecessor-version":[{"id":105439,"href":"https:\/\/df-nyt.dk\/blog\/wp-json\/wp\/v2\/posts\/20057\/revisions\/105439"}],"wp:attachment":[{"href":"https:\/\/df-nyt.dk\/blog\/wp-json\/wp\/v2\/media?parent=20057"}],"wp:term":[{"taxonomy":"category","embeddable":true,"href":"https:\/\/df-nyt.dk\/blog\/wp-json\/wp\/v2\/categories?post=20057"},{"taxonomy":"post_tag","embeddable":true,"href":"https:\/\/df-nyt.dk\/blog\/wp-json\/wp\/v2\/tags?post=20057"}],"curies":[{"name":"wp","href":"https:\/\/api.w.org\/{rel}","templated":true}]}}