{"id":20110,"date":"2011-04-26T07:30:21","date_gmt":"2011-04-26T06:30:21","guid":{"rendered":"http:\/\/df-nyt.dk\/?p=20110"},"modified":"2018-03-01T08:04:14","modified_gmt":"2018-03-01T07:04:14","slug":"sverige-slaveaktion-pa-lund-forager","status":"publish","type":"post","link":"https:\/\/df-nyt.dk\/blog\/sverige-slaveaktion-pa-lund-forager\/","title":{"rendered":"Sverige: Slaveaktion p\u00e5 Lund forager"},"content":{"rendered":"<p><a href=\"https:\/\/df-nyt.dk\/blog\/wp-content\/uploads\/260420110829.png\"><img loading=\"lazy\" decoding=\"async\" class=\"alignleft size-full wp-image-20111\" title=\"260420110829\" src=\"https:\/\/df-nyt.dk\/blog\/wp-content\/uploads\/260420110829.png\" alt=\"\" width=\"278\" height=\"218\" \/><\/a><\/p>\n<p>&nbsp;<br \/>\nEn gruppe studerende holdt slaveaktion under en studenterfest i p\u00e5sken p\u00e5 det velrenomerede svenske Lund Universitet.<\/p>\n<p>Nu er Universitetet anmeldt for racisme.<\/p>\n<p>Omkring 90 af Lund Universitetes studerende deltog hen over p\u00e5sken i et jungleparty, holdt af to af universitetes studenterforeninger.<\/p>\n<p>Deltagerne blev bedt om at komme kl\u00e6dt ud &#8220;som noget fra junglen&#8221;.<\/p>\n<p>De fleste kom som dyr eller en plante.<\/p>\n<p>Men et par studerende valgte at sminke sig sorte i hovedet og troppede op til festen, kl\u00e6dt ud som sorte slaver med reb om halsen.<\/p>\n<p>Slaverne blev sl\u00e6bt frem af en studerende kl\u00e6dt ud som hvid slaveejer.<\/p>\n<p>Under festen trak slaveejeren sine sorte slaver rundt og opfordrede andre festdeltagere til at deltage i en slaveaktion som ville blive afholdt senere p\u00e5 aftenen.<\/p>\n<p>Et par af festdeltagerne blev s\u00e5 foraget over slaveaktionen, at de valgte at anmeldte h\u00e6ndelsen til politiet i Lund.<\/p>\n<p>Politiet i Lund har oplyst til svensk presse, at de efter p\u00e5skeferien vil g\u00e5 i gang med at afh\u00f8re nogen af de omkring 90 festdeltagere.<\/p>\n<p><strong>Skriver Margrethe S. Hansen p\u00e5 NetAvisen P 77 &#8211; <\/strong><strong><a href=\"http:\/\/www.p77.dk\/samfund-mennesker\/samfund\/491-sverige-slaveaktion-pa-lund-forager\">Du kan l\u00e6se mere HER <\/a><\/strong><\/p>\n<p><strong>L\u00e6s ogs\u00e5:<\/strong><\/p>\n<p><a href=\"http:\/\/df-nyt.dk\/?p=20015\"><span style=\"text-decoration: underline;\"><strong>G\u00f8r som Morten stem p\u00e5 Kenneth <\/strong><\/span><\/a><\/p>\n<p>&nbsp;<br \/>\n<a href=\"http:\/\/df-nyt.dk\/?p=16540\"><span style=\"text-decoration: underline;\"><strong>Anmeldt for racisme, nu h\u00e6nger vennerne ham ud som \u2018martyr\u2019<\/strong><\/span><\/a><\/p>\n<p><strong>******************<\/strong><br \/>\n&nbsp;<\/p>\n","protected":false},"excerpt":{"rendered":"<p>&nbsp; En gruppe studerende holdt slaveaktion under en studenterfest i p\u00e5sken p\u00e5 det velrenomerede svenske Lund Universitet. Nu er Universitetet anmeldt for racisme. Omkring 90 af Lund Universitetes studerende deltog hen over p\u00e5sken i et jungleparty, holdt af to af universitetes studenterforeninger. Deltagerne blev bedt om at komme kl\u00e6dt ud &#8220;som noget fra junglen&#8221;. De [&hellip;]<\/p>\n","protected":false},"author":10,"featured_media":0,"comment_status":"open","ping_status":"closed","sticky":false,"template":"","format":"standard","meta":{"footnotes":""},"categories":[1],"tags":[],"class_list":["post-20110","post","type-post","status-publish","format-standard","hentry","category-df-nyt-dk"],"_links":{"self":[{"href":"https:\/\/df-nyt.dk\/blog\/wp-json\/wp\/v2\/posts\/20110","targetHints":{"allow":["GET"]}}],"collection":[{"href":"https:\/\/df-nyt.dk\/blog\/wp-json\/wp\/v2\/posts"}],"about":[{"href":"https:\/\/df-nyt.dk\/blog\/wp-json\/wp\/v2\/types\/post"}],"author":[{"embeddable":true,"href":"https:\/\/df-nyt.dk\/blog\/wp-json\/wp\/v2\/users\/10"}],"replies":[{"embeddable":true,"href":"https:\/\/df-nyt.dk\/blog\/wp-json\/wp\/v2\/comments?post=20110"}],"version-history":[{"count":0,"href":"https:\/\/df-nyt.dk\/blog\/wp-json\/wp\/v2\/posts\/20110\/revisions"}],"wp:attachment":[{"href":"https:\/\/df-nyt.dk\/blog\/wp-json\/wp\/v2\/media?parent=20110"}],"wp:term":[{"taxonomy":"category","embeddable":true,"href":"https:\/\/df-nyt.dk\/blog\/wp-json\/wp\/v2\/categories?post=20110"},{"taxonomy":"post_tag","embeddable":true,"href":"https:\/\/df-nyt.dk\/blog\/wp-json\/wp\/v2\/tags?post=20110"}],"curies":[{"name":"wp","href":"https:\/\/api.w.org\/{rel}","templated":true}]}}