{"id":20115,"date":"2011-04-26T08:34:57","date_gmt":"2011-04-26T07:34:57","guid":{"rendered":"http:\/\/df-nyt.dk\/?p=20115"},"modified":"2024-10-14T22:48:41","modified_gmt":"2024-10-14T20:48:41","slug":"verden-star-stille-tirsdag-pa-25-arsdagen-for-tjernobyl-katastrofen","status":"publish","type":"post","link":"https:\/\/df-nyt.dk\/blog\/verden-star-stille-tirsdag-pa-25-arsdagen-for-tjernobyl-katastrofen\/","title":{"rendered":"Verden st\u00e5r stille tirsdag, p\u00e5 25 \u00e5rsdagen for Tjernobyl-katastrofen"},"content":{"rendered":"<p>Der bliver afholdt mindeh\u00f8jtidligheder flere steder<br \/>\nMindeh\u00f8jtidelighederne kommer p\u00e5 et tidspunkt, hvor nuklear energi p\u00e5 verdensplan er til diskussion som f\u00f8lge af atomkatastrofen i den japanske by Fukushima.<\/p>\n<p>Den f\u00f8rte patriark Kyrill, af den russiske ortodokse kirke, afholder en mindeh\u00f8jtidlighed, med v\u00e6gten lagt p\u00e5 det pr\u00e6cise tidspunkt, for kvart \u00e5rhundrede siden, da eksplosionen skete, i den v\u00e6rste nukleare katastrofe i historien.<\/p>\n<p>Ved daggry den 26. april 1986 efter et mislykket eksperiment, skete der en r\u00e6kke eksplosioner i Tjernobyl i Ukraine. Atomkraftv\u00e6rket ene reaktor eksploderede og der dannede sig kortvarig, en paddelhat formet sky over v\u00e6rket.<\/p>\n<p>Den stor sky af st\u00e6rkt radioaktive partikler blev spredt ud over store dele af Europa.<\/p>\n<p>Atomkatastrofen kom for dagens lys to dage senere, da Sverige slog alarm over den h\u00f8je koncentration af radioaktive partikler i luften. Myndighederne i det tidligere Sovjetunionen havde fors\u00f8gt at skjule ulykken.<\/p>\n<p>If\u00f8lge en FN-rapport udsendt i 2006, kr\u00e6vede katastrofen fire tusind liv.<br \/>\nAndre organisationer mener, at d\u00f8ds-tallet kan n\u00e5 snesevis eller endda hundredvis af tusinder n\u00e5r de mennesker t\u00e6lles med, der i de kommende \u00e5r vil d\u00f8 af sygdomme for\u00e5rsaget af str\u00e5ling.<\/p>\n<p>De umiddelbare omgivelser ved Tjernobyl er stadig ubeboelige.<br \/>\nDer er store revner i beton sarkofagen, som nu skal udskiftes.<\/p>\n<p>Omkostningerne bel\u00f8ber sig til milliarder<br \/>\nUkraine har bedt om hj\u00e6lp fra det internationale samfund. Skriver De-Telegraaf<\/p>\n<p>Reference<br \/>\nWebstedet \/\/yahoo.com\/video\/world-15749633\/raw-video-vigils-mark-25-years-since-chernobyl-25024976<br \/>\nWebstedet \/\/telegraaf.nl\/buitenland\/9625625\/__Wereld_herdenkt_Tsjernobyl<\/p>\n<p>For yderlig l\u00e6sning<\/p>\n<p><a href=\"https:\/\/df-nyt.dk\/?p=20015\/\" target=\"_blank\" rel=\"noopener noreferrer\"><span style=\"text-decoration: underline;\">De fleste danske politikere vender sig st\u00e6rk mod atomkraft \u2013 Men der er undtagelser<\/span><\/a><br \/>\n&nbsp;<br \/>\n<a href=\"https:\/\/df-nyt.dk\/?p=17992\/\" target=\"_blank\" rel=\"noopener noreferrer\"><span style=\"text-decoration: underline;\">Dansk Folkeparti og Liberal Alliance er tilh\u00e6nger af A-kraft<\/span><\/a><br \/>\n&nbsp;<br \/>\n<img loading=\"lazy\" decoding=\"async\" class=\" alignnone\" src=\"https:\/\/df-nyt.dk\/wp-content\/uploads\/140320111915.png\" alt=\"\" width=\"241\" height=\"166\" \/><\/p>\n","protected":false},"excerpt":{"rendered":"<p>Der bliver afholdt mindeh\u00f8jtidligheder flere steder Mindeh\u00f8jtidelighederne kommer p\u00e5 et tidspunkt, hvor nuklear energi p\u00e5 verdensplan er til diskussion som f\u00f8lge af atomkatastrofen i den japanske by Fukushima. Den f\u00f8rte patriark Kyrill, af den russiske ortodokse kirke, afholder en mindeh\u00f8jtidlighed, med v\u00e6gten lagt p\u00e5 det pr\u00e6cise tidspunkt, for kvart \u00e5rhundrede siden, da eksplosionen skete, i [&hellip;]<\/p>\n","protected":false},"author":10,"featured_media":0,"comment_status":"open","ping_status":"closed","sticky":false,"template":"","format":"standard","meta":{"footnotes":""},"categories":[1],"tags":[],"class_list":["post-20115","post","type-post","status-publish","format-standard","hentry","category-df-nyt-dk"],"_links":{"self":[{"href":"https:\/\/df-nyt.dk\/blog\/wp-json\/wp\/v2\/posts\/20115","targetHints":{"allow":["GET"]}}],"collection":[{"href":"https:\/\/df-nyt.dk\/blog\/wp-json\/wp\/v2\/posts"}],"about":[{"href":"https:\/\/df-nyt.dk\/blog\/wp-json\/wp\/v2\/types\/post"}],"author":[{"embeddable":true,"href":"https:\/\/df-nyt.dk\/blog\/wp-json\/wp\/v2\/users\/10"}],"replies":[{"embeddable":true,"href":"https:\/\/df-nyt.dk\/blog\/wp-json\/wp\/v2\/comments?post=20115"}],"version-history":[{"count":2,"href":"https:\/\/df-nyt.dk\/blog\/wp-json\/wp\/v2\/posts\/20115\/revisions"}],"predecessor-version":[{"id":105570,"href":"https:\/\/df-nyt.dk\/blog\/wp-json\/wp\/v2\/posts\/20115\/revisions\/105570"}],"wp:attachment":[{"href":"https:\/\/df-nyt.dk\/blog\/wp-json\/wp\/v2\/media?parent=20115"}],"wp:term":[{"taxonomy":"category","embeddable":true,"href":"https:\/\/df-nyt.dk\/blog\/wp-json\/wp\/v2\/categories?post=20115"},{"taxonomy":"post_tag","embeddable":true,"href":"https:\/\/df-nyt.dk\/blog\/wp-json\/wp\/v2\/tags?post=20115"}],"curies":[{"name":"wp","href":"https:\/\/api.w.org\/{rel}","templated":true}]}}