{"id":20149,"date":"2011-04-26T14:12:00","date_gmt":"2011-04-26T13:12:00","guid":{"rendered":"http:\/\/df-nyt.dk\/?p=20149"},"modified":"2025-09-14T18:42:42","modified_gmt":"2025-09-14T16:42:42","slug":"f%c3%b8rtidspension-op-pa-dagens-byradsm%c3%b8de","status":"publish","type":"post","link":"https:\/\/df-nyt.dk\/blog\/f%c3%b8rtidspension-op-pa-dagens-byradsm%c3%b8de\/","title":{"rendered":"F\u00f8rtidspension p\u00e5 byr\u00e5dsm\u00f8de i Silkeborg"},"content":{"rendered":"<p><img loading=\"lazy\" decoding=\"async\" class=\"alignleft size-full \" title=\"260420111510\" src=\"https:\/\/df-nyt.dk\/blog\/wp-content\/uploads\/260420111510.png\" alt=\"\" width=\"271\" height=\"178\" \/><br \/>\nF\u00f8rtidspension p\u00e5 byr\u00e5dsm\u00f8de i Silkeborg<br \/>\nTre fredage i tr\u00e6k har sygemeldte borgere i Silkeborg protesteret foran byens Jobcenter.<\/p>\n<p>Inspireret og udsprunget fra Svendborg, demostreret syv l\u00f8rdage i tr\u00e6k, med krav om anst\u00e6ndighed i kommunens behandling af sygemeldte borgere.<\/p>\n<p>Protesterne i Silkeborg har givet resultat.<\/p>\n<p>Nu vil byens socialdemokratiske borgmester, Hanne B\u00e6k Olsen, ans\u00e6tte en uvildig r\u00e5dgiver &#8211; en s\u00e5kaldt borgerr\u00e5dgiver \u2013 til at gennemg\u00e5 alle sygedagpengesager fra 2010 for at sikre, at ingen uretm\u00e6ssigt er kommet i klemme.<\/p>\n<p>\u201dVi vil gerne v\u00e6re sikre p\u00e5, at der ikke er borgere, der er kommet i klemme i systemet\u201d, siger Hanne B\u00e6k Olsen til Midtjyllands Avis.<\/p>\n<p>Og hun forts\u00e6tter:<br \/>\nSkriver Frede Jakobsen p\u00e5   Svendborg NetAvis<br \/>\n\/\/www.svendborgsnetavis.dk\/en-handsr\u00e6kning-til-sygemeldte-borgere\/&#8221;<\/p>\n<p>For yderlig l\u00e6sning.<\/p>\n<p><a href=\"http:\/\/df-nyt.dk\/?p=19955\"><span style=\"text-decoration: underline;\">Stramninger skubber folk ud i dyb fattigdom<\/span><\/a><\/p>\n<p><a href=\"http:\/\/df-nyt.dk\/?p=19202\"><span style=\"text-decoration: underline;\">Holstebro invitere til Jobcenter Demo<\/span><\/a><\/p>\n<p><a href=\"http:\/\/df-nyt.dk\/?p=19962\"><span style=\"text-decoration: underline;\">Jobcenter-l\u00e6gekonsulent ser p\u00e5 sommerhus til 7,2 million<\/span><\/a><br \/>\n&nbsp;<\/p>\n","protected":false},"excerpt":{"rendered":"<p>F\u00f8rtidspension p\u00e5 byr\u00e5dsm\u00f8de i Silkeborg Tre fredage i tr\u00e6k har sygemeldte borgere i Silkeborg protesteret foran byens Jobcenter. Inspireret og udsprunget fra Svendborg, demostreret syv l\u00f8rdage i tr\u00e6k, med krav om anst\u00e6ndighed i kommunens behandling af sygemeldte borgere. Protesterne i Silkeborg har givet resultat. Nu vil byens socialdemokratiske borgmester, Hanne B\u00e6k Olsen, ans\u00e6tte en uvildig [&hellip;]<\/p>\n","protected":false},"author":10,"featured_media":0,"comment_status":"open","ping_status":"closed","sticky":false,"template":"","format":"standard","meta":{"footnotes":""},"categories":[1],"tags":[],"class_list":["post-20149","post","type-post","status-publish","format-standard","hentry","category-df-nyt-dk"],"_links":{"self":[{"href":"https:\/\/df-nyt.dk\/blog\/wp-json\/wp\/v2\/posts\/20149","targetHints":{"allow":["GET"]}}],"collection":[{"href":"https:\/\/df-nyt.dk\/blog\/wp-json\/wp\/v2\/posts"}],"about":[{"href":"https:\/\/df-nyt.dk\/blog\/wp-json\/wp\/v2\/types\/post"}],"author":[{"embeddable":true,"href":"https:\/\/df-nyt.dk\/blog\/wp-json\/wp\/v2\/users\/10"}],"replies":[{"embeddable":true,"href":"https:\/\/df-nyt.dk\/blog\/wp-json\/wp\/v2\/comments?post=20149"}],"version-history":[{"count":2,"href":"https:\/\/df-nyt.dk\/blog\/wp-json\/wp\/v2\/posts\/20149\/revisions"}],"predecessor-version":[{"id":109898,"href":"https:\/\/df-nyt.dk\/blog\/wp-json\/wp\/v2\/posts\/20149\/revisions\/109898"}],"wp:attachment":[{"href":"https:\/\/df-nyt.dk\/blog\/wp-json\/wp\/v2\/media?parent=20149"}],"wp:term":[{"taxonomy":"category","embeddable":true,"href":"https:\/\/df-nyt.dk\/blog\/wp-json\/wp\/v2\/categories?post=20149"},{"taxonomy":"post_tag","embeddable":true,"href":"https:\/\/df-nyt.dk\/blog\/wp-json\/wp\/v2\/tags?post=20149"}],"curies":[{"name":"wp","href":"https:\/\/api.w.org\/{rel}","templated":true}]}}