{"id":20162,"date":"2011-04-26T15:23:31","date_gmt":"2011-04-26T14:23:31","guid":{"rendered":"http:\/\/df-nyt.dk\/?p=20162"},"modified":"2017-08-19T08:51:54","modified_gmt":"2017-08-19T06:51:54","slug":"naesten-500-mennesker-dannede-menneskelig-kaede-i-bern","status":"publish","type":"post","link":"https:\/\/df-nyt.dk\/blog\/naesten-500-mennesker-dannede-menneskelig-kaede-i-bern\/","title":{"rendered":"N\u00e6sten 500 mennesker dannede menneskelig k\u00e6de i Bern"},"content":{"rendered":"<p><a href=\"https:\/\/df-nyt.dk\/blog\/wp-content\/uploads\/260420111620.png\"><img loading=\"lazy\" decoding=\"async\" class=\"alignleft size-full wp-image-20163\" title=\"260420111620\" src=\"https:\/\/df-nyt.dk\/blog\/wp-content\/uploads\/260420111620.png\" alt=\"\" width=\"199\" height=\"198\" srcset=\"https:\/\/df-nyt.dk\/blog\/wp-content\/uploads\/260420111620.png 199w, https:\/\/df-nyt.dk\/blog\/wp-content\/uploads\/260420111620-150x150.png 150w\" sizes=\"auto, (max-width: 199px) 100vw, 199px\" \/><\/a><\/p>\n<p><strong>N\u00e6sten 500 mennesker dannede menneskelig k\u00e6de i Bern<\/strong><\/p>\n<p><strong>Protesten fandt sted pr\u00e6cis 25 \u00e5r efter Tjernobyl-katastrofen.<\/strong><\/p>\n<p>Demonstranter samledes klokken syv om morgenen og kr\u00e6ver lukning af M\u00fchleberg atomkraftv\u00e6rket.<\/p>\n<p>Omkring 8:30, blev demonstrationen opl\u00f8st.<\/p>\n<p>Sikkerherhedsdirekt\u00f8ren, Reto Nause sagde det var en v\u00e6rdig og fredelig protest.<\/p>\n<p>Demostrationen var st\u00f8ttet af Bern-erkl\u00e6ringen, Schweiz PS, Socialistisk Ungdom, Greenpeace og De Gr\u00f8nne.<\/p>\n<p>Atomkraft-modstandere har opholdt sig i en lejr, i tre uger p\u00e5 gr\u00e6spl\u00e6nen udenfor hovedkvarteret ved FMB i Bern.<\/p>\n<p>De agter at blive, indtil lukning M\u00fchleberg.<\/p>\n<p>Hidtil byen tolererer denne campingplads, men Reto Nause har sagt at demonstranterne b\u00f8r overveje en &#8220;realistisk&#8221;\u00a0afrejsedato.<\/p>\n<p>Begivenheder er planlagt i andre dele af Schweiz i anledning af 25-\u00e5rsdagen for Tjernobyl-katastrofen, specielt sent p\u00e5 dagen f\u00f8r WHO i Geneve. Skriver,\u00a0hebdo.ch<\/p>\n<p><strong>L\u00e6s ogs\u00e5:<\/strong><\/p>\n<p><a href=\"http:\/\/df-nyt.dk\/?p=20115\"><span style=\"text-decoration: underline;\"><strong>Verden st\u00e5r stille tirsdag, p\u00e5 25 \u00e5rsdagen for Tjernobyl-katastrofen <\/strong><\/span><\/a><\/p>\n<p>&nbsp;<br \/>\n<a href=\"http:\/\/df-nyt.dk\/?p=20015\"><span style=\"text-decoration: underline;\"><strong>G\u00f8r som Morten stem p\u00e5 Kenneth<\/strong><\/span><\/a><\/p>\n<p>&nbsp;<\/p>\n<p style=\"text-align: left;\"><strong><a href=\"https:\/\/df-nyt.dk\/blog\/wp-content\/uploads\/240420112210.png\"><img loading=\"lazy\" decoding=\"async\" class=\"aligncenter size-full wp-image-20017\" title=\"240420112210\" src=\"https:\/\/df-nyt.dk\/blog\/wp-content\/uploads\/240420112210.png\" alt=\"\" width=\"650\" height=\"128\" srcset=\"https:\/\/df-nyt.dk\/blog\/wp-content\/uploads\/240420112210.png 650w, https:\/\/df-nyt.dk\/blog\/wp-content\/uploads\/240420112210-400x78.png 400w\" sizes=\"auto, (max-width: 650px) 100vw, 650px\" \/><\/a> <\/p>\n<p>&nbsp;<\/strong><\/p>\n","protected":false},"excerpt":{"rendered":"<p>N\u00e6sten 500 mennesker dannede menneskelig k\u00e6de i Bern Protesten fandt sted pr\u00e6cis 25 \u00e5r efter Tjernobyl-katastrofen. Demonstranter samledes klokken syv om morgenen og kr\u00e6ver lukning af M\u00fchleberg atomkraftv\u00e6rket. Omkring 8:30, blev demonstrationen opl\u00f8st. Sikkerherhedsdirekt\u00f8ren, Reto Nause sagde det var en v\u00e6rdig og fredelig protest. Demostrationen var st\u00f8ttet af Bern-erkl\u00e6ringen, Schweiz PS, Socialistisk Ungdom, Greenpeace og [&hellip;]<\/p>\n","protected":false},"author":10,"featured_media":0,"comment_status":"open","ping_status":"closed","sticky":false,"template":"","format":"standard","meta":{"footnotes":""},"categories":[1],"tags":[],"class_list":["post-20162","post","type-post","status-publish","format-standard","hentry","category-df-nyt-dk"],"_links":{"self":[{"href":"https:\/\/df-nyt.dk\/blog\/wp-json\/wp\/v2\/posts\/20162","targetHints":{"allow":["GET"]}}],"collection":[{"href":"https:\/\/df-nyt.dk\/blog\/wp-json\/wp\/v2\/posts"}],"about":[{"href":"https:\/\/df-nyt.dk\/blog\/wp-json\/wp\/v2\/types\/post"}],"author":[{"embeddable":true,"href":"https:\/\/df-nyt.dk\/blog\/wp-json\/wp\/v2\/users\/10"}],"replies":[{"embeddable":true,"href":"https:\/\/df-nyt.dk\/blog\/wp-json\/wp\/v2\/comments?post=20162"}],"version-history":[{"count":0,"href":"https:\/\/df-nyt.dk\/blog\/wp-json\/wp\/v2\/posts\/20162\/revisions"}],"wp:attachment":[{"href":"https:\/\/df-nyt.dk\/blog\/wp-json\/wp\/v2\/media?parent=20162"}],"wp:term":[{"taxonomy":"category","embeddable":true,"href":"https:\/\/df-nyt.dk\/blog\/wp-json\/wp\/v2\/categories?post=20162"},{"taxonomy":"post_tag","embeddable":true,"href":"https:\/\/df-nyt.dk\/blog\/wp-json\/wp\/v2\/tags?post=20162"}],"curies":[{"name":"wp","href":"https:\/\/api.w.org\/{rel}","templated":true}]}}