{"id":20172,"date":"2011-04-26T16:52:06","date_gmt":"2011-04-26T15:52:06","guid":{"rendered":"http:\/\/df-nyt.dk\/?p=20172"},"modified":"2023-04-04T23:40:58","modified_gmt":"2023-04-04T21:40:58","slug":"det-er-ganske-vist-lille-kurt-skal-for-retten-i-jordan-og-afd%c3%b8de-muhammed-i-usa","status":"publish","type":"post","link":"https:\/\/df-nyt.dk\/blog\/det-er-ganske-vist-lille-kurt-skal-for-retten-i-jordan-og-afd%c3%b8de-muhammed-i-usa\/","title":{"rendered":"Det er ganske vist, lille Kurt skal for retten i Jordan og afd\u00f8de Muhammed i USA"},"content":{"rendered":"<p><img loading=\"lazy\" decoding=\"async\" class=\"alignleft size-full \" title=\"260420111750\" src=\"https:\/\/df-nyt.dk\/blog\/wp-content\/uploads\/260420111750.png\" alt=\"\" width=\"245\" height=\"177\" \/><\/p>\n<p>Da jeg l\u00e6ste nyheden om at man i Jordan vil f\u00f8re en retssag mod Muhammedtegneren Kurt Westergaard og flere danske journalister, t\u00e6nkte jeg hurra nu er Tivoli \u00e5ben -igen.<\/p>\n<p>Nu skal der debatteres og laves hidsige blogindl\u00e6g om hvor uretf\u00e6rdigt eller hvor ytringsfriheds-uardit det hele er.<\/p>\n<p>Men hov vent, hvorfor blive ved med at lade sig sp\u00e6nde for en godt frik\u00f8rt gammel ladevogn, fyldt med t\u00e5belige mennesker?<\/p>\n<p>Retssagen mod Kurt Westergaard og Co. vil aldrig nogensinde udl\u00f8se andet end sensations forsider og ensidige hidsige blogindl\u00e6g, skrevet af de mest v\u00e6rdiform\u00f8rkede ytringsmisbrugere i begge lejre.<\/p>\n<p>Faktisk burde man bare grine lidt af det og m\u00e5ske ogs\u00e5 spille lidt med p\u00e5 den, s\u00e5dan bare for sjovt.<\/p>\n<p>For l\u00e6ser man efter, vil man se at dem, der sl\u00e6ber stakkels Kurt og de sm\u00e5 s\u00f8lle journalister i retten, f\u00f8rst og fremmest er jordanske intellektuelle.<\/p>\n<p>S\u00e5 alt i alt burde man nok se retssagen, som et luftigt debatarrangement hvor p\u00e5st\u00e5et \u201dtunge\u201d hjerner sl\u00e5s om principper, moral og holdninger.<\/p>\n<p>Hvorfor i al verden er S\u00f8ren Krarup eller hans f\u00e6tter Jesper Langballe ikke inviteret?<\/p>\n<p>Det m\u00e5 da lige v\u00e6re noget for dem.<br \/>\nT\u00e5belige retssager er h\u00f8jste mode for tiden.<\/p>\n<p>Is\u00e6r den amerikanske kristen zionist pr\u00e6dikant, fra en eller anden fl\u00e6kke i USA, Terry Jones har virkeligt form\u00e5et at f\u00f8re begrebet retssag ud i noget af det mest absurde, man kan forestille sig.<\/p>\n<p>I over seks stive timer sad han og andre og f\u00f8rte process over muslimernes hellige bog Koranen- i en kirke.<\/p>\n<p>Og p\u00e5 bedste kristenvis endte retssagen med at de gudsfrygtige pr\u00e6dikanter, fra det amerikanske overdrev, valgte at d\u00f8mme en bog til b\u00e5let.<\/p>\n<p>Skriver Margrethe S. Hansen p\u00e5 <a href=\"http:\/\/p77.dk\/blogs\/shansen\/492--det-er-ganske-vist-lille-kurt-skal-for-retten-i-jordan-og-afdode-muhammed-i-usa\"><span style=\"text-decoration: underline;\">NetAvisen P77.dk &#8211; Du kan l\u00e6se mere HER<\/span><\/a><\/p>\n<p>For yderlig l\u00e6sning.<\/p>\n<p><a href=\"http:\/\/df-nyt.dk\/?p=20132\"><span style=\"text-decoration: underline;\">Marianne Forsberg: OK, formentlig en r\u00f8d agent!!<\/span><\/a><br \/>\n&nbsp;<br \/>\n<img loading=\"lazy\" decoding=\"async\" class=\"  alignnone\" title=\"260420111747\" src=\"https:\/\/df-nyt.dk\/blog\/wp-content\/uploads\/2604201117471.png\" alt=\"\" width=\"320\" height=\"158\" \/><\/p>\n","protected":false},"excerpt":{"rendered":"<p>Da jeg l\u00e6ste nyheden om at man i Jordan vil f\u00f8re en retssag mod Muhammedtegneren Kurt Westergaard og flere danske journalister, t\u00e6nkte jeg hurra nu er Tivoli \u00e5ben -igen. Nu skal der debatteres og laves hidsige blogindl\u00e6g om hvor uretf\u00e6rdigt eller hvor ytringsfriheds-uardit det hele er. Men hov vent, hvorfor blive ved med at lade [&hellip;]<\/p>\n","protected":false},"author":10,"featured_media":0,"comment_status":"open","ping_status":"closed","sticky":false,"template":"","format":"standard","meta":{"footnotes":""},"categories":[1],"tags":[],"class_list":["post-20172","post","type-post","status-publish","format-standard","hentry","category-df-nyt-dk"],"_links":{"self":[{"href":"https:\/\/df-nyt.dk\/blog\/wp-json\/wp\/v2\/posts\/20172","targetHints":{"allow":["GET"]}}],"collection":[{"href":"https:\/\/df-nyt.dk\/blog\/wp-json\/wp\/v2\/posts"}],"about":[{"href":"https:\/\/df-nyt.dk\/blog\/wp-json\/wp\/v2\/types\/post"}],"author":[{"embeddable":true,"href":"https:\/\/df-nyt.dk\/blog\/wp-json\/wp\/v2\/users\/10"}],"replies":[{"embeddable":true,"href":"https:\/\/df-nyt.dk\/blog\/wp-json\/wp\/v2\/comments?post=20172"}],"version-history":[{"count":3,"href":"https:\/\/df-nyt.dk\/blog\/wp-json\/wp\/v2\/posts\/20172\/revisions"}],"predecessor-version":[{"id":99234,"href":"https:\/\/df-nyt.dk\/blog\/wp-json\/wp\/v2\/posts\/20172\/revisions\/99234"}],"wp:attachment":[{"href":"https:\/\/df-nyt.dk\/blog\/wp-json\/wp\/v2\/media?parent=20172"}],"wp:term":[{"taxonomy":"category","embeddable":true,"href":"https:\/\/df-nyt.dk\/blog\/wp-json\/wp\/v2\/categories?post=20172"},{"taxonomy":"post_tag","embeddable":true,"href":"https:\/\/df-nyt.dk\/blog\/wp-json\/wp\/v2\/tags?post=20172"}],"curies":[{"name":"wp","href":"https:\/\/api.w.org\/{rel}","templated":true}]}}