{"id":20182,"date":"2011-04-27T10:14:52","date_gmt":"2011-04-27T09:14:52","guid":{"rendered":"http:\/\/df-nyt.dk\/?p=20182"},"modified":"2024-11-29T16:24:27","modified_gmt":"2024-11-29T15:24:27","slug":"anti-atomkraft-demonstration-pa-place-clairefontaine","status":"publish","type":"post","link":"https:\/\/df-nyt.dk\/blog\/anti-atomkraft-demonstration-pa-place-clairefontaine\/","title":{"rendered":"Anti-atomkraft demonstration p\u00e5 Place Clairefontaine"},"content":{"rendered":"<p>Tusinder af mennesker havde samlet sig tirsdag aften p\u00e5 hovedstaden&#8217;s Place Claire Fontaine, for at sende et klart signal imod atomkraft.<\/p>\n<p>Mange af de protesterende, bar skilte og talrige farverige flag.<\/p>\n<p><img loading=\"lazy\" decoding=\"async\" src=\"https:\/\/df-nyt.dk\/wp-content\/uploads\/270420111102.png\" alt=\"\" width=\"400\" height=\"224\" class=\"alignnone size-medium \" \/><\/p>\n<p>Fagforeningerne OGB-L og LCGB var ualmindelig st\u00e6rk repr\u00e6senteret.<br \/>\nTordnende bifald fik Henri Kox, da han forlangte at man standsede &#8220;alle atomkraftv\u00e6rker, der kan v\u00e6re en trussel mod Luxembourg.&#8221;<\/p>\n<p>Kox, talte p\u00e5 vegne af den luxembourgske borgmesteren, og opfordrede regeringen til at ogs\u00e5 at sikre, at den bebudede stresstest af atomkraftv\u00e6rkerne omfatter, udtrykkeligt alle interne og eksterne risici.<\/p>\n<p>-Vi kan ikke have, at Frankrig frasiger sig dette ansvar, sagde Kox.<br \/>\nAtomkraft er dyrt!<\/p>\n<p>Blanche Weber, formand for Mouvement Ecologique understregede, at hurtig exit var fuldt ud muligt.<\/p>\n<p>-Tiden har aldrig v\u00e6ret s\u00e5 klar til at sige nej til import af atomkraft, sagde Weber.<\/p>\n<p>Den tredje taler, OGB-L-pr\u00e6sident Jean-Claude Reding understregede, at kernekraft i mods\u00e6tning til, hvad akt\u00f8rer p\u00e5st\u00e5r, faktisk er en meget dyr energi, der er kraftigt subsidieret.<\/p>\n<p>-Det forholder sig ogs\u00e5 s\u00e5dan, at virksomhederne bag atomkraftv\u00e6rkerne ikke betaler for omkostningerne, sagde Viviane Reding.<\/p>\n<p>-Det er meget usandsynligt, at at operat\u00f8ren bag kraftv\u00e6rket i Fukushima kan betale for for de skader, opst\u00e5et som en f\u00f8lge af atomkatastrofen i Japan.<\/p>\n<p>For yderlig l\u00e6sning<br \/>\n<a href=\"https:\/\/df-nyt.dk\/naesten-500-mennesker-dannede-menneskelig-kaede-i-bern\/\" rel=\"noopener noreferrer\" target=\"_blank\"><span style=\"text-decoration: underline\">N\u00e6sten 500 mennesker dannede menneskelig k\u00e6de i Bern<\/span><\/a><br \/>\n&nbsp;<br \/>\n<a href=\"https:\/\/df-nyt.dk\/?p=17992\" target=\"_blank\" rel=\"noopener noreferrer\"><span style=\"text-decoration: underline\">De fleste danske politikere vender sig st\u00e6rk mod atomkraft \u2013Men der er undtagelser<\/span><\/a><br \/>\n&nbsp;<br \/>\n<img loading=\"lazy\" decoding=\"async\" src=\"https:\/\/df-nyt.dk\/wp-content\/uploads\/240420112210.png\" alt=\"\" width=\"400\" height=\"78\" class=\"alignnone size-medium \" \/><br \/>\n&nbsp;<\/p>\n","protected":false},"excerpt":{"rendered":"<p>Tusinder af mennesker havde samlet sig tirsdag aften p\u00e5 hovedstaden&#8217;s Place Claire Fontaine, for at sende et klart signal imod atomkraft. Mange af de protesterende, bar skilte og talrige farverige flag. Fagforeningerne OGB-L og LCGB var ualmindelig st\u00e6rk repr\u00e6senteret. Tordnende bifald fik Henri Kox, da han forlangte at man standsede &#8220;alle atomkraftv\u00e6rker, der kan v\u00e6re [&hellip;]<\/p>\n","protected":false},"author":10,"featured_media":0,"comment_status":"open","ping_status":"closed","sticky":false,"template":"","format":"standard","meta":{"footnotes":""},"categories":[1],"tags":[],"class_list":["post-20182","post","type-post","status-publish","format-standard","hentry","category-df-nyt-dk"],"_links":{"self":[{"href":"https:\/\/df-nyt.dk\/blog\/wp-json\/wp\/v2\/posts\/20182","targetHints":{"allow":["GET"]}}],"collection":[{"href":"https:\/\/df-nyt.dk\/blog\/wp-json\/wp\/v2\/posts"}],"about":[{"href":"https:\/\/df-nyt.dk\/blog\/wp-json\/wp\/v2\/types\/post"}],"author":[{"embeddable":true,"href":"https:\/\/df-nyt.dk\/blog\/wp-json\/wp\/v2\/users\/10"}],"replies":[{"embeddable":true,"href":"https:\/\/df-nyt.dk\/blog\/wp-json\/wp\/v2\/comments?post=20182"}],"version-history":[{"count":2,"href":"https:\/\/df-nyt.dk\/blog\/wp-json\/wp\/v2\/posts\/20182\/revisions"}],"predecessor-version":[{"id":107210,"href":"https:\/\/df-nyt.dk\/blog\/wp-json\/wp\/v2\/posts\/20182\/revisions\/107210"}],"wp:attachment":[{"href":"https:\/\/df-nyt.dk\/blog\/wp-json\/wp\/v2\/media?parent=20182"}],"wp:term":[{"taxonomy":"category","embeddable":true,"href":"https:\/\/df-nyt.dk\/blog\/wp-json\/wp\/v2\/categories?post=20182"},{"taxonomy":"post_tag","embeddable":true,"href":"https:\/\/df-nyt.dk\/blog\/wp-json\/wp\/v2\/tags?post=20182"}],"curies":[{"name":"wp","href":"https:\/\/api.w.org\/{rel}","templated":true}]}}