{"id":20191,"date":"2011-04-27T11:04:01","date_gmt":"2011-04-27T10:04:01","guid":{"rendered":"http:\/\/df-nyt.dk\/?p=20191"},"modified":"2015-09-09T17:00:35","modified_gmt":"2015-09-09T15:00:35","slug":"afsl%c3%b8ring-af-nyt-mindesmaerke-for-ofrene-fra-tjernobyl-katastrofen","status":"publish","type":"post","link":"https:\/\/df-nyt.dk\/blog\/afsl%c3%b8ring-af-nyt-mindesmaerke-for-ofrene-fra-tjernobyl-katastrofen\/","title":{"rendered":"Afsl\u00f8ring af nyt mindesm\u00e6rke for ofrene fra Tjernobyl-katastrofen"},"content":{"rendered":"<p><strong>Afsl\u00f8ring af nyt mindesm\u00e6rke for ofrene fra Tjernobyl-katastrofen<\/strong><\/p>\n<p><a href=\"https:\/\/df-nyt.dk\/blog\/wp-content\/uploads\/270420111200.png\"><img loading=\"lazy\" decoding=\"async\" class=\"alignleft size-full wp-image-20192\" title=\"270420111200\" src=\"https:\/\/df-nyt.dk\/blog\/wp-content\/uploads\/270420111200.png\" alt=\"\" width=\"239\" height=\"216\" \/><\/a><\/p>\n<p>Ved en officiel begivenhed i Kiev med deltagelse af ukraines politiske ledelse minnes Tjernobyl-katastrofen.<\/p>\n<p>Ukraines pr\u00e6sident Viktor Janukovitj og Ruslands pr\u00e6sident Dmitry Medvedev deltog p\u00e5 25-\u00e5rsdagen for Tjernobyl-katastrofen i en ceremonie og afsl\u00f8ring af et mindesm\u00e6rke for ofrene fra Tjernobyl-katastrofen.<\/p>\n<p>Flere talere udtrykte deres sorg, i forbindelse med 25-\u00e5rsdagen for Tjernobyl-katastrofen, og takkede Yanukovych for det russiske bidrag p\u00e5 45 millioner som hj\u00e6lp til finansieringen af et projekt, som skal forny den &#8220;Shelter&#8221; som er ved at bryde sammen over det \u00f8delagte atomkraftv\u00e6rk i Tjernobyl.<\/p>\n<p>Pr\u00e6sident Medvedev, sagde at Rusland har sendt et sinal til lederne af stormagter, herunder &#8211; SNG-landene, om at de skal forhindre at mulige\u00a0 fremtidige katastrofer kan opst\u00e5.<\/p>\n<p><strong>Skriver, det ukrainske netmedie,<a href=\"http:\/\/www.day.kiev.ua\/209004\"> daykiev.ua<\/a><\/strong><\/p>\n<p><strong>L\u00e6s ogs\u00e5:<\/strong><\/p>\n<p><span style=\"text-decoration: underline;\"><strong><a href=\"http:\/\/df-nyt.dk\/?p=20182\">Anti-atomkraft demonstration p\u00e5 Place Clairefontaine <\/a><\/strong><\/span><\/p>\n<p><span style=\"text-decoration: underline;\"><strong><a href=\"http:\/\/df-nyt.dk\/?p=17992\">De fleste danske politikere vender sig st\u00e6rk mod atomkraft \u2013 Men der er undtagelser <\/a><\/strong><\/span><span style=\"text-decoration: underline;\"><strong><a href=\"http:\/\/df-nyt.dk\/?p=17992\">&#8211; Dansk Folkeparti og Liberal Alliance er tilh\u00e6nger af A-kraft<\/a><\/strong><\/span><\/p>\n<p><strong>**************************************************************************************<\/strong><\/p>\n","protected":false},"excerpt":{"rendered":"<p>Afsl\u00f8ring af nyt mindesm\u00e6rke for ofrene fra Tjernobyl-katastrofen Ved en officiel begivenhed i Kiev med deltagelse af ukraines politiske ledelse minnes Tjernobyl-katastrofen. Ukraines pr\u00e6sident Viktor Janukovitj og Ruslands pr\u00e6sident Dmitry Medvedev deltog p\u00e5 25-\u00e5rsdagen for Tjernobyl-katastrofen i en ceremonie og afsl\u00f8ring af et mindesm\u00e6rke for ofrene fra Tjernobyl-katastrofen. Flere talere udtrykte deres sorg, i forbindelse [&hellip;]<\/p>\n","protected":false},"author":10,"featured_media":0,"comment_status":"open","ping_status":"closed","sticky":false,"template":"","format":"standard","meta":{"footnotes":""},"categories":[1],"tags":[],"class_list":["post-20191","post","type-post","status-publish","format-standard","hentry","category-df-nyt-dk"],"_links":{"self":[{"href":"https:\/\/df-nyt.dk\/blog\/wp-json\/wp\/v2\/posts\/20191","targetHints":{"allow":["GET"]}}],"collection":[{"href":"https:\/\/df-nyt.dk\/blog\/wp-json\/wp\/v2\/posts"}],"about":[{"href":"https:\/\/df-nyt.dk\/blog\/wp-json\/wp\/v2\/types\/post"}],"author":[{"embeddable":true,"href":"https:\/\/df-nyt.dk\/blog\/wp-json\/wp\/v2\/users\/10"}],"replies":[{"embeddable":true,"href":"https:\/\/df-nyt.dk\/blog\/wp-json\/wp\/v2\/comments?post=20191"}],"version-history":[{"count":0,"href":"https:\/\/df-nyt.dk\/blog\/wp-json\/wp\/v2\/posts\/20191\/revisions"}],"wp:attachment":[{"href":"https:\/\/df-nyt.dk\/blog\/wp-json\/wp\/v2\/media?parent=20191"}],"wp:term":[{"taxonomy":"category","embeddable":true,"href":"https:\/\/df-nyt.dk\/blog\/wp-json\/wp\/v2\/categories?post=20191"},{"taxonomy":"post_tag","embeddable":true,"href":"https:\/\/df-nyt.dk\/blog\/wp-json\/wp\/v2\/tags?post=20191"}],"curies":[{"name":"wp","href":"https:\/\/api.w.org\/{rel}","templated":true}]}}