{"id":20202,"date":"2011-04-27T12:38:10","date_gmt":"2011-04-27T11:38:10","guid":{"rendered":"http:\/\/df-nyt.dk\/?p=20202"},"modified":"2025-07-03T17:31:08","modified_gmt":"2025-07-03T15:31:08","slug":"trykkefrihedsselskabet-har-ikke-fjernet-omstridt-racismevideo-fra-internettet","status":"publish","type":"post","link":"https:\/\/df-nyt.dk\/blog\/trykkefrihedsselskabet-har-ikke-fjernet-omstridt-racismevideo-fra-internettet\/","title":{"rendered":"Trykkefrihedsselskabet har ikke fjernet omstridt racismevideo fra internettet"},"content":{"rendered":"<p><img loading=\"lazy\" decoding=\"async\" class=\"  alignnone\" title=\"270420111331\" src=\"https:\/\/df-nyt.dk\/\/wp-content\/uploads\/270420111331.png\" alt=\"\" width=\"225\" height=\"182\" \/><\/p>\n<p>Trykkefrihedsselskabet har ikke fjernet omstridt racismevideo fra internettet<\/p>\n<p>Via en profil p\u00e5 videodelingstjenesten Vimeo viser Trykkefrihedsselskabet, stadigv\u00e6k racismevideon med deres formand Lars Hedegaard.<\/p>\n<p>Selv om indholdet af videoen med Lars Hedegaard, tilbage i januar blev erkl\u00e6ret for forh\u00e5nende og nedv\u00e6rdigende overfor den befolkningsgruppe, udtalserne vedr\u00f8rer, og s\u00e5ledes er omfattet af straffelovens paragraf 266b, stk.\u201d Har Trykkefrihedsselskabtet \u00e5benbart ikke haft travlt med at f\u00e5 fjernet den fam\u00f8se video fra internettet.<\/p>\n<p>Videoen blev ellers fjernet, fra diverse antimuslimske blogs og hjemmesider, ganske f\u00e5 timer efter at f\u00f8lgende var blevet l\u00e6st op i byretten p\u00e5 Frederiksberg.<\/p>\n<p>\u201dUanset, at de i anklageskriftet angivne udtalelser ikke er fremsat i sammenh\u00e6ng, s\u00e5ledes som det fremg\u00e5r af tiltalen, kan det l\u00e6gges til grund, at tiltalte under interviewet, der foregik p\u00e5 engelsk, bl.a. har udtalt, at n\u00e5r en muslimsk mand voldtager en kvinde, er det hans ret at g\u00f8re det, at de voldtager deres egne b\u00f8rn, og at piger i muslimske familier bliver voldtaget af deres onkler, deres f\u00e6tre eller deres far.<\/p>\n<p>Retten finder, at disse udtalelser er forh\u00e5nende og nedv\u00e6rdigende over for den befolkningsgruppe, som udtalelserne vedr\u00f8rer, og s\u00e5ledes er omfattet af straffelovens \u00a7 266 b, stk. 1.\u201d Kilde: \/\/domstol.dk<\/p>\n<p><img loading=\"lazy\" decoding=\"async\" class=\"  alignnone\" title=\"270620101349\" src=\"https:\/\/df-nyt.dk\/\/wp-content\/uploads\/270620101349.png\" alt=\"\" width=\"385\" height=\"275\" \/><\/p>\n<p>Billedet: Det er fra 18. april 2009. &#8211; den dag da, <a href=\"https:\/\/df-nyt.dk\/?p=17890\"><span style=\"text-decoration: underline;\"> Filip Dewinter<\/span><\/a>  fra det belgiske parti Vlaams Belang, bes\u00f8gte K\u00f8benhavn. Man blev utilfreds med, at jeg valgte at fotografere Filip Dewinters ankomst til m\u00f8det, &#8211; flere af trykkefrihedsselskabets medlemmer gik p\u00e5 det n\u00e6rmeste amok.<\/p>\n<p>P\u00e5 bloggen snaphanen.dk hvis redakt\u00f8r\u00a0Steen Raaschou er en central person i hele retssagen mod Lars Hedegaard, i det det var hjemme hos ham at videoen blev optaget og efterf\u00f8lgende lagt ud p\u00e5 hans blog \/\/snaphanen.dk, blev videoen med Lars Hedegaard ogs\u00e5 hurtigt erstattet af en lydfil.<\/p>\n<p><img loading=\"lazy\" decoding=\"async\" class=\" alignnone\" title=\"270620101409\" src=\"https:\/\/df-nyt.dk\/\/wp-content\/uploads\/270620101409.png\" alt=\"\" width=\"435\" height=\"245\" \/><\/p>\n<p>Billedet: P\u00e5 den offentlige plads Vartorv, blev jeg groft chikaneret og forulempet, &#8211; ogs\u00e5 verbalt, af fremtr\u00e6dende medlemmer.<\/p>\n<p>&#8211; Men p\u00e5 Trykkefrihedsselskabets profil, p\u00e5 videodelingstjenesten Vimeo findes videoen med Lars Hedegaard, den dag i dag og kan downloades eller ses direkte af alle. Skriver Margrethe S. Hansen p\u00e5  <\/p>\n<p><a href=\"https:\/\/p77.dk:80\/radikalisering\/danmark\/493--trykkefrihedsselskabet-har-ikke-fjernet-omstridt-racismevideo-fra-internettet-\"><span style=\"text-decoration: underline;\">NetAvisen P77.dk &#8211; hvor du kan l\u00e6se mere <\/span><\/a><\/p>\n<p>For yderlig l\u00e6sning<\/p>\n<p><a href=\"https:\/\/df-nyt.dk\/?p=16137\"><span style=\"text-decoration: underline;\">Ekstrabladet: \u2018Lars Hedegaard l\u00f8j i retten\u2019 <\/span><\/a><br \/>\n&nbsp;<br \/>\n<a href=\"https:\/\/df-nyt.dk\/?p=11738\"><span style=\"text-decoration: underline;\">Katrine Winkel Holm: S\u00e5 l\u00e6gger 180grader endnu engang avis til en afsindig l\u00f8gnehistorie om TFS-formand, Lars Hedegaard.<\/span><\/a><br \/>\n&nbsp;<br \/>\n<a href=\"https:\/\/df-nyt.dk\/?p=11704\"><span style=\"text-decoration: underline;\">Trykkefrihedsselskabet samarbejder med terrorister<\/span><\/a><\/p>\n","protected":false},"excerpt":{"rendered":"<p>Trykkefrihedsselskabet har ikke fjernet omstridt racismevideo fra internettet Via en profil p\u00e5 videodelingstjenesten Vimeo viser Trykkefrihedsselskabet, stadigv\u00e6k racismevideon med deres formand Lars Hedegaard. Selv om indholdet af videoen med Lars Hedegaard, tilbage i januar blev erkl\u00e6ret for forh\u00e5nende og nedv\u00e6rdigende overfor den befolkningsgruppe, udtalserne vedr\u00f8rer, og s\u00e5ledes er omfattet af straffelovens paragraf 266b, stk.\u201d Har [&hellip;]<\/p>\n","protected":false},"author":10,"featured_media":0,"comment_status":"open","ping_status":"closed","sticky":false,"template":"","format":"standard","meta":{"footnotes":""},"categories":[1],"tags":[],"class_list":["post-20202","post","type-post","status-publish","format-standard","hentry","category-df-nyt-dk"],"_links":{"self":[{"href":"https:\/\/df-nyt.dk\/blog\/wp-json\/wp\/v2\/posts\/20202","targetHints":{"allow":["GET"]}}],"collection":[{"href":"https:\/\/df-nyt.dk\/blog\/wp-json\/wp\/v2\/posts"}],"about":[{"href":"https:\/\/df-nyt.dk\/blog\/wp-json\/wp\/v2\/types\/post"}],"author":[{"embeddable":true,"href":"https:\/\/df-nyt.dk\/blog\/wp-json\/wp\/v2\/users\/10"}],"replies":[{"embeddable":true,"href":"https:\/\/df-nyt.dk\/blog\/wp-json\/wp\/v2\/comments?post=20202"}],"version-history":[{"count":2,"href":"https:\/\/df-nyt.dk\/blog\/wp-json\/wp\/v2\/posts\/20202\/revisions"}],"predecessor-version":[{"id":108551,"href":"https:\/\/df-nyt.dk\/blog\/wp-json\/wp\/v2\/posts\/20202\/revisions\/108551"}],"wp:attachment":[{"href":"https:\/\/df-nyt.dk\/blog\/wp-json\/wp\/v2\/media?parent=20202"}],"wp:term":[{"taxonomy":"category","embeddable":true,"href":"https:\/\/df-nyt.dk\/blog\/wp-json\/wp\/v2\/categories?post=20202"},{"taxonomy":"post_tag","embeddable":true,"href":"https:\/\/df-nyt.dk\/blog\/wp-json\/wp\/v2\/tags?post=20202"}],"curies":[{"name":"wp","href":"https:\/\/api.w.org\/{rel}","templated":true}]}}