{"id":20220,"date":"2011-04-27T17:44:44","date_gmt":"2011-04-27T16:44:44","guid":{"rendered":"http:\/\/df-nyt.dk\/?p=20220"},"modified":"2024-10-10T10:20:27","modified_gmt":"2024-10-10T08:20:27","slug":"daemon-uddrivende-b%c3%b8rnemishandler-d%c3%b8mt","status":"publish","type":"post","link":"https:\/\/df-nyt.dk\/blog\/daemon-uddrivende-b%c3%b8rnemishandler-d%c3%b8mt\/","title":{"rendered":"D\u00e6mon-uddrivende b\u00f8rnemishandlere d\u00f8mt"},"content":{"rendered":"<p>Det er da vist p\u00e5 tide, at der bliver sat fokus p\u00e5 den -g\u00f8jler-brance<\/p>\n<p>En pr\u00e6st og en mor er blevet straffet med ubetinget f\u00e6ngsel, fordi de<br \/>\nmishandlede kvindens to b\u00f8rn ved at sm\u00f8re chili i \u00f8jnene p\u00e5 dem.<\/p>\n<p>Overgrebene er sket i Varde.<br \/>\nRetten i Esbjerg har onsdag id\u00f8mt den 41-\u00e5rige pr\u00e6st, ubetinget f\u00e6ngsel i seks m\u00e5neder.<\/p>\n<p>Den 30\u00e5rige mor, straffes med ubetinget f\u00e6ngsel i fire m\u00e5neder.<br \/>\nMishandlingen skete under fors\u00f8g p\u00e5 at uddrive d\u00e6moner.<\/p>\n<p>Under retssagen har moren og pr\u00e6sten h\u00e6vdet, at det var fri fantasi og resultat af andres manipulationer, n\u00e5r b\u00f8rnene har fortalt om overgrebene.<\/p>\n<p>Moren har dog erkendt, at hendes b\u00f8rn fik &#8220;problemer med d\u00e6moner<br \/>\n-og at hendes ven hjalp ved at bede for dem.<\/p>\n<p>De to tiltalte er ogs\u00e5 fundet skyldige i at have bundet b\u00f8rnene, der nu er 6 og 12 \u00e5r, p\u00e5 h\u00e6nder og f\u00f8dder med nylonstr\u00f8mper.<\/p>\n<p>Desuden er manden d\u00f8mt for vold og trusler.<br \/>\nSkriver \/\/nyhederne.tv2.dk \/article.php\/id-39281431<br \/>\n&nbsp;<br \/>\nFor yderlig l\u00e6sning<\/p>\n<p><a href=\"https:\/\/df-nyt.dk\/?p=15779\/\" target=\"_blank\" rel=\"noopener noreferrer\"><span style=\"text-decoration: underline\">Vold og Sexmisbrug efterforskes i Evangelist <\/span><\/a><br \/>\n&nbsp;<br \/>\n<a href=\"https:\/\/df-nyt.dk\/?p=15471\/\" target=\"_blank\" rel=\"noopener noreferrer\"><span style=\"text-decoration: underline\">Sekten Evangelist ramt af masseflugt<\/span><\/a><br \/>\n&nbsp;<br \/>\n<img loading=\"lazy\" decoding=\"async\" src=\"https:\/\/df-nyt.dk\/wp-content\/uploads\/2201201114241.png\" alt=\"\" width=\"408\" height=\"285\" class=\"alignnone size-full \" \/><br \/>\n&nbsp;<\/p>\n","protected":false},"excerpt":{"rendered":"<p>Det er da vist p\u00e5 tide, at der bliver sat fokus p\u00e5 den -g\u00f8jler-brance En pr\u00e6st og en mor er blevet straffet med ubetinget f\u00e6ngsel, fordi de mishandlede kvindens to b\u00f8rn ved at sm\u00f8re chili i \u00f8jnene p\u00e5 dem. Overgrebene er sket i Varde. Retten i Esbjerg har onsdag id\u00f8mt den 41-\u00e5rige pr\u00e6st, ubetinget f\u00e6ngsel [&hellip;]<\/p>\n","protected":false},"author":10,"featured_media":0,"comment_status":"open","ping_status":"closed","sticky":false,"template":"","format":"standard","meta":{"footnotes":""},"categories":[1],"tags":[],"class_list":["post-20220","post","type-post","status-publish","format-standard","hentry","category-df-nyt-dk"],"_links":{"self":[{"href":"https:\/\/df-nyt.dk\/blog\/wp-json\/wp\/v2\/posts\/20220","targetHints":{"allow":["GET"]}}],"collection":[{"href":"https:\/\/df-nyt.dk\/blog\/wp-json\/wp\/v2\/posts"}],"about":[{"href":"https:\/\/df-nyt.dk\/blog\/wp-json\/wp\/v2\/types\/post"}],"author":[{"embeddable":true,"href":"https:\/\/df-nyt.dk\/blog\/wp-json\/wp\/v2\/users\/10"}],"replies":[{"embeddable":true,"href":"https:\/\/df-nyt.dk\/blog\/wp-json\/wp\/v2\/comments?post=20220"}],"version-history":[{"count":5,"href":"https:\/\/df-nyt.dk\/blog\/wp-json\/wp\/v2\/posts\/20220\/revisions"}],"predecessor-version":[{"id":105346,"href":"https:\/\/df-nyt.dk\/blog\/wp-json\/wp\/v2\/posts\/20220\/revisions\/105346"}],"wp:attachment":[{"href":"https:\/\/df-nyt.dk\/blog\/wp-json\/wp\/v2\/media?parent=20220"}],"wp:term":[{"taxonomy":"category","embeddable":true,"href":"https:\/\/df-nyt.dk\/blog\/wp-json\/wp\/v2\/categories?post=20220"},{"taxonomy":"post_tag","embeddable":true,"href":"https:\/\/df-nyt.dk\/blog\/wp-json\/wp\/v2\/tags?post=20220"}],"curies":[{"name":"wp","href":"https:\/\/api.w.org\/{rel}","templated":true}]}}