{"id":20232,"date":"2011-04-27T21:40:40","date_gmt":"2011-04-27T20:40:40","guid":{"rendered":"http:\/\/df-nyt.dk\/?p=20232"},"modified":"2025-07-25T04:31:21","modified_gmt":"2025-07-25T02:31:21","slug":"dansk-folkeparti-klar-til-valgkamp","status":"publish","type":"post","link":"https:\/\/df-nyt.dk\/blog\/dansk-folkeparti-klar-til-valgkamp\/","title":{"rendered":"Dansk Folkeparti klar til valgkamp"},"content":{"rendered":"<p><img loading=\"lazy\" decoding=\"async\" class=\"alignleft size-full \" title=\"270420112111\" src=\"https:\/\/df-nyt.dk\/\/wp-content\/uploads\/270420112111.png\" alt=\"\" width=\"296\" height=\"191\" \/><\/p>\n<p>Dansk Folkeparti klar til valgkamp<br \/>\nS\u00e5 er vi klar til valgkamp,\u00a0skriver Anton Kudsk p\u00e5 webportalen, FaceBook<br \/>\nHelt i front ses, Aia Fog, som if\u00f8lge Anton Kudsk, allerede er klar til valgkamp for Dansk Folkeparti.<\/p>\n<p>If\u00f8lge \/\/danskfolkeparti.dk \/Generalforsamling_6048_219.asp&#8221; referat fra generalforsamlingen i Dansk Folkeparti, Haderslev afd. 27\/3 \u2013 2010. p\u00e5 Hotel Vojens, skrevet af referent, Bodil Clausen, s\u00e5 blev Anton Kudsk (Som ogs\u00e5 er aktiv i \/\/ugeavisen.dk \/vojens\/bingo-center-satser-p\u00e5-taxa-k\u00f8rsel) udpeget som master til foreningens hjemmeside<\/p>\n<p>Det mange\u00e5rige medlem af Dansk Folkeparti referenten, Bodil Clausen, der ogs\u00e5 er kendt fra foreninger som (<a href=\"http:\/\/siadinfo.blogspot.com\/\">SIAD<\/a>) Stop Islamiseringen Af Danmark og foreningen <span style=\"text-decoration: underline\"><a href=\"https:\/\/df-nyt.dk\/?p=12358\">Dansk Kultur.<\/a><\/span><\/p>\n<p>Aia Fog er 41 \u00e5r gammel og bosiddende p\u00e5 \u00d8sterbro, hvor hun ogs\u00e5 er n\u00e6stformand<br \/>\ni den lokale afdeling af Dansk Folkeparti.<\/p>\n<p><img loading=\"lazy\" decoding=\"async\" class=\"alignnone size-medium\" title=\"270420112246\" src=\"https:\/\/df-nyt.dk\/wp-content\/uploads\/270420112246.png\" alt=\"\" width=\"400\" height=\"281\" \/><\/p>\n<p>Under sine m\u00e6rkesager n\u00e6vner Aia Fog at EU-Domstolen skulle v\u00e6re udemokratisk &#8211;<br \/>\nhvilket er det rene nonsens.<\/p>\n<p>EU-Dommerne d\u00f8mmer efter regler som er demokratisk vedtaget i EU-parlamentet<br \/>\nog dommene bliver afsagt efter simpelt flertalsafg\u00f8relse iblandt dommerne.<\/p>\n<p>Desv\u00e6rre m\u00f8der man ofte en alternativ virkeligheds-opfattelse i <a href=\"https:\/\/df-nyt.dk\/?p=18168\/\" target=\"_blank\" rel=\"noopener noreferrer\">kredsen<\/a> omkring<\/p>\n<p><a href=\"https:\/\/df-nyt.dk\/?p=20202\/\" target=\"_blank\" rel=\"noopener noreferrer\"><span style=\"text-decoration: underline\">Trykkefrihedsselskabet<\/span><\/a>, -hvor Aia Fog tiltr\u00e5dte som nyvalgt bestyrelsesmedlem p\u00e5 generalforsamlingen april 2011.<\/p>\n<p>Den myre-flittige Bodil Clausen har n\u00e6rmest gjort sig selv landskendt som aktiv &#8216;<a href=\"https:\/\/df-nyt.dk\/?p=19848\"><span style=\"text-decoration: underline;\">menneskehader<\/span><\/a>&#8216; i selskab med tumper og deltagere i demonstrationer arrangeret af nazister.<\/p>\n<p><img loading=\"lazy\" decoding=\"async\" class=\"alignnone size-medium\" title=\"270420112223\" src=\"https:\/\/df-nyt.dk\/wp-content\/uploads\/270420112223.png\" alt=\"\" width=\"400\" height=\"168\" \/><\/p>\n<p><img loading=\"lazy\" decoding=\"async\" class=\"alignnone size-full \" title=\"270420112221\" src=\"https:\/\/df-nyt.dk\/\/wp-content\/uploads\/270420112221.png\" alt=\"\" width=\"378\" height=\"178\" \/><\/p>\n<p>Som klisterkone for Aia Fog, g\u00e5r det forrygende for Bodil Clausen<br \/>\n-Plakaterne skulle if\u00f8ge Anton Kudsk, v\u00e6re klar.<\/p>\n<p><img loading=\"lazy\" decoding=\"async\" src=\"https:\/\/df-nyt.dk\/blog\/wp-content\/uploads\/270420112237.png\" alt=\"\" width=\"378\" height=\"178\" \/><\/p>\n<p>Reference:<br \/>\nHjemmesiden \/\/ugeavisen.dk \/vojens\/bingo-center-satser-p\u00e5-taxa-k\u00f8sel<\/p>\n<p>For yderlig l\u00e6sning<\/p>\n<p><a href=\"https:\/\/df-nyt.dk\/?p=20015\/\" target=\"_blank\" rel=\"noopener noreferrer\"><span style=\"text-decoration: underline\">G\u00f8r som Morten stem p\u00e5 Kenneth<\/span><\/a><br \/>\n&nbsp;<br \/>\n<a href=\"https:\/\/df-nyt.dk\/?p=19848\/\" target=\"_blank\" rel=\"noopener noreferrer\"><span style=\"text-decoration: underline\">Menneskehadernes store dag<\/span><\/a><br \/>\n&nbsp;<br \/>\n<a href=\"https:\/\/df-nyt.dk\/?p=10160\/\" target=\"_blank\" rel=\"noopener noreferrer\"><span style=\"text-decoration: underline\">Kandidat til Kommunevalget for Dansk Folkeparti Hakon Leo Nielsen<\/span><\/a><br \/>\n&nbsp;<br \/>\n<a href=\"https:\/\/df-nyt.dk\/?p=20132\/\" target=\"_blank\" rel=\"noopener noreferrer\"><span style=\"text-decoration: underline\">Marianne Forsberg- OK -formentlig en r\u00f8d agent<\/span><\/a><br \/>\n&nbsp;<br \/>\n<a href=\"https:\/\/http:\/\/p77.dk:80\/radikalisering\/danmark\/493--trykkefrihedsselskabet-har-ikke-fjernet-omstridt-racismevideo-fra-internettet-\" target=\"_blank\" rel=\"noopener noreferrer\"><span style=\"text-decoration: underline\"> Netavisen P77.dk &#8211; Trykkefrihedsselskabet har ikke fjernet omstridt racismevideo fra internettet<\/span><\/a><br \/>\n&nbsp;<\/p>\n","protected":false},"excerpt":{"rendered":"<p>Dansk Folkeparti klar til valgkamp S\u00e5 er vi klar til valgkamp,\u00a0skriver Anton Kudsk p\u00e5 webportalen, FaceBook Helt i front ses, Aia Fog, som if\u00f8lge Anton Kudsk, allerede er klar til valgkamp for Dansk Folkeparti. If\u00f8lge \/\/danskfolkeparti.dk \/Generalforsamling_6048_219.asp&#8221; referat fra generalforsamlingen i Dansk Folkeparti, Haderslev afd. 27\/3 \u2013 2010. p\u00e5 Hotel Vojens, skrevet af referent, Bodil [&hellip;]<\/p>\n","protected":false},"author":10,"featured_media":0,"comment_status":"open","ping_status":"closed","sticky":false,"template":"","format":"standard","meta":{"footnotes":""},"categories":[1],"tags":[],"class_list":["post-20232","post","type-post","status-publish","format-standard","hentry","category-df-nyt-dk"],"_links":{"self":[{"href":"https:\/\/df-nyt.dk\/blog\/wp-json\/wp\/v2\/posts\/20232","targetHints":{"allow":["GET"]}}],"collection":[{"href":"https:\/\/df-nyt.dk\/blog\/wp-json\/wp\/v2\/posts"}],"about":[{"href":"https:\/\/df-nyt.dk\/blog\/wp-json\/wp\/v2\/types\/post"}],"author":[{"embeddable":true,"href":"https:\/\/df-nyt.dk\/blog\/wp-json\/wp\/v2\/users\/10"}],"replies":[{"embeddable":true,"href":"https:\/\/df-nyt.dk\/blog\/wp-json\/wp\/v2\/comments?post=20232"}],"version-history":[{"count":8,"href":"https:\/\/df-nyt.dk\/blog\/wp-json\/wp\/v2\/posts\/20232\/revisions"}],"predecessor-version":[{"id":109327,"href":"https:\/\/df-nyt.dk\/blog\/wp-json\/wp\/v2\/posts\/20232\/revisions\/109327"}],"wp:attachment":[{"href":"https:\/\/df-nyt.dk\/blog\/wp-json\/wp\/v2\/media?parent=20232"}],"wp:term":[{"taxonomy":"category","embeddable":true,"href":"https:\/\/df-nyt.dk\/blog\/wp-json\/wp\/v2\/categories?post=20232"},{"taxonomy":"post_tag","embeddable":true,"href":"https:\/\/df-nyt.dk\/blog\/wp-json\/wp\/v2\/tags?post=20232"}],"curies":[{"name":"wp","href":"https:\/\/api.w.org\/{rel}","templated":true}]}}