{"id":20289,"date":"2011-04-28T17:37:24","date_gmt":"2011-04-28T16:37:24","guid":{"rendered":"http:\/\/df-nyt.dk\/?p=20289"},"modified":"2024-10-20T22:50:04","modified_gmt":"2024-10-20T20:50:04","slug":"sf-mere-fokus-pa-arbejdsmiljo-nar-danmark-bliver-eu-formand-naeste-ar","status":"publish","type":"post","link":"https:\/\/df-nyt.dk\/blog\/sf-mere-fokus-pa-arbejdsmiljo-nar-danmark-bliver-eu-formand-naeste-ar\/","title":{"rendered":"SF: Mere fokus p\u00e5 arbejdsmilj\u00f8, n\u00e5r Danmark bliver EU-formand n\u00e6ste \u00e5r"},"content":{"rendered":"<p><img loading=\"lazy\" decoding=\"async\" class=\"alignleft  \" src=\"https:\/\/df-nyt.dk\/wp-content\/uploads\/280420111836.png\" alt=\"\" width=\"319\" height=\"232\" \/><br \/>\nDanmark b\u00f8r bruge EU-formandskabet n\u00e6ste \u00e5r til at markere den 28. april, som er international arbejdsmilj\u00f8dag, foresl\u00e5r SFs arbejdsmarkedsordf\u00f8rer<\/p>\n<p>I dag \u2013 torsdag 28. april &#8211; er det international arbejdsmilj\u00f8-dag. Skriver SF i sin pressemeddelelse<\/p>\n<p>\u2013og fors\u00e6tter<br \/>\nMen det l\u00e6gger de fleste mennesker slet ikke m\u00e6rke til. Skriver SF i sin pressemeddelelse <\/p>\n<p>\u2013og fors\u00e6tter<br \/>\nDet er m\u00f8g-\u00e6rgerligt, for dagen kan v\u00e6re med til at udvide bevidstheden hos b\u00e5de arbejdsgivere og l\u00f8nmodtagere om, hvor vigtigt det er at f\u00e5 et bedre arbejdsmilj\u00f8.<\/p>\n<p>Det er en af vejene til at for\u00f8ge den indsats, der er meget n\u00f8dvendig for at nedbringe antallet af arbejdsulykker, nedslidning, psykiske arbejdsskader og andre erhvervssygdomme, siger SFs arbejdsmarkedsordf\u00f8rer Eigil Andersen.<\/p>\n<p>Danmark overtager formandsstolen i EU den 1. januar 2012. Og den chance skal bruges, mener SFeren.<\/p>\n<p>Danmark b\u00f8r som formandsland tage initiativ til, at EU markerer den internationale arbejdsmilj\u00f8dag 28. april n\u00e6ste \u00e5r.<\/p>\n<p>Jeg vil bl.a. foresl\u00e5, at Danmark arrangerer en konference for aktive arbejdsmilj\u00f8repr\u00e6sentanter og \u2013ledere fra alle medlemslandene om forbedring af det psykiske arbejdsmilj\u00f8 og forebyggelse af stress p\u00e5 arbejdspladsen.<\/p>\n<p>Konferencen skal s\u00e6tte fokus p\u00e5 arbejdsmilj\u00f8et og give deltagerne muligheder for at udveksle erfaringer om, hvordan man l\u00f8ser disse problemer p\u00e5 arbejdspladserne, foresl\u00e5r SFs arbejdsmarkedsordf\u00f8rer.<\/p>\n<p>Han understreger, at f\u00e6rre arbejdsskader betyder, at mange mennesker slipper for store lidelser.<\/p>\n<p>Men det er ogs\u00e5 en god forretning for samfundet, der sparer udgifter til sygedagpenge, sundhedsbehandling og f\u00f8rtidspension.<\/p>\n<p>Det er FNs arbejdsorganisation, ILO, der i 2003 besluttede at den 28. april er international arbejdsmilj\u00f8dag.<\/p>\n<p>For yderlig l\u00e6sning<\/p>\n<p><a href=\"http:\/\/sf.dk\/\" target=\"_blank\" rel=\"noopener noreferrer\"><u>Seneste nyt fra SF her<\/u><\/a><\/p>\n","protected":false},"excerpt":{"rendered":"<p>Danmark b\u00f8r bruge EU-formandskabet n\u00e6ste \u00e5r til at markere den 28. april, som er international arbejdsmilj\u00f8dag, foresl\u00e5r SFs arbejdsmarkedsordf\u00f8rer I dag \u2013 torsdag 28. april &#8211; er det international arbejdsmilj\u00f8-dag. Skriver SF i sin pressemeddelelse \u2013og fors\u00e6tter Men det l\u00e6gger de fleste mennesker slet ikke m\u00e6rke til. Skriver SF i sin pressemeddelelse \u2013og fors\u00e6tter Det [&hellip;]<\/p>\n","protected":false},"author":10,"featured_media":0,"comment_status":"open","ping_status":"closed","sticky":false,"template":"","format":"standard","meta":{"footnotes":""},"categories":[1],"tags":[],"class_list":["post-20289","post","type-post","status-publish","format-standard","hentry","category-df-nyt-dk"],"_links":{"self":[{"href":"https:\/\/df-nyt.dk\/blog\/wp-json\/wp\/v2\/posts\/20289","targetHints":{"allow":["GET"]}}],"collection":[{"href":"https:\/\/df-nyt.dk\/blog\/wp-json\/wp\/v2\/posts"}],"about":[{"href":"https:\/\/df-nyt.dk\/blog\/wp-json\/wp\/v2\/types\/post"}],"author":[{"embeddable":true,"href":"https:\/\/df-nyt.dk\/blog\/wp-json\/wp\/v2\/users\/10"}],"replies":[{"embeddable":true,"href":"https:\/\/df-nyt.dk\/blog\/wp-json\/wp\/v2\/comments?post=20289"}],"version-history":[{"count":2,"href":"https:\/\/df-nyt.dk\/blog\/wp-json\/wp\/v2\/posts\/20289\/revisions"}],"predecessor-version":[{"id":105859,"href":"https:\/\/df-nyt.dk\/blog\/wp-json\/wp\/v2\/posts\/20289\/revisions\/105859"}],"wp:attachment":[{"href":"https:\/\/df-nyt.dk\/blog\/wp-json\/wp\/v2\/media?parent=20289"}],"wp:term":[{"taxonomy":"category","embeddable":true,"href":"https:\/\/df-nyt.dk\/blog\/wp-json\/wp\/v2\/categories?post=20289"},{"taxonomy":"post_tag","embeddable":true,"href":"https:\/\/df-nyt.dk\/blog\/wp-json\/wp\/v2\/tags?post=20289"}],"curies":[{"name":"wp","href":"https:\/\/api.w.org\/{rel}","templated":true}]}}