{"id":20348,"date":"2011-04-29T12:54:40","date_gmt":"2011-04-29T11:54:40","guid":{"rendered":"http:\/\/df-nyt.dk\/?p=20348"},"modified":"2024-11-26T16:00:48","modified_gmt":"2024-11-26T15:00:48","slug":"ledige-behandles-som-kriminelle","status":"publish","type":"post","link":"https:\/\/df-nyt.dk\/blog\/ledige-behandles-som-kriminelle\/","title":{"rendered":"Ledige behandles som kriminelle"},"content":{"rendered":"<p><img loading=\"lazy\" decoding=\"async\" class=\"alignleft size-full \" title=\"290420111353\" src=\"https:\/\/df-nyt.dk\/\/wp-content\/uploads\/290420111353.png\" alt=\"\" width=\"319\" height=\"178\" \/><\/p>\n<p>Formanden for F\u00f8devareforbundet NNF Midt Vestjylland, Steen Hartmann, sagde p\u00e5 afdelingens generalforsamling torsdag aften,<\/p>\n<p>&#8211; Det er i sig selv en meget ubehagelig oplevelse at blive fyret fra sit job.<\/p>\n<p>Langt de fleste er jo fuldst\u00e6ndig uden skyld i, at de er blevet ledige.<\/p>\n<p>De har klaret deres job godt, men nedsk\u00e6ringer, virksomhedslukninger, finanskrise og lignende g\u00f8r, at der ikke l\u00e6ngere er et arbejde til dem.<\/p>\n<p>S\u00e5dan l\u00f8d det i afdelingsformand Steen Hartmanns beretning til de fremm\u00f8dte p\u00e5 generalforsamlingen i F\u00f8devareforbundet Midt Vestjylland i aftes. Og formanden fortsatte:<\/p>\n<p>&#8211; Det v\u00e6rste er imidlertid, at vi har et system uden tillid og respekt for den enkelte ledige. For mange betyder det stress og depression. For andre er det en hurtig m\u00e5de at kv\u00e6le enhver form for g\u00e5-p\u00e5-mod og selvtillid. Det er i alle tilf\u00e6lde s\u00e5dan mange af vores medlemmer opfatter aktiveringssystemet.<\/p>\n<p>F\u00f8devareforbundet NNF Midt Vestjylland har omkring 2.800 medlemmer og d\u00e6kker Ringk\u00f8bing-Skjern, Viborg, Skive, Herning, Struer, Lemvig og Holstebro Kommuner.<\/p>\n<p>Afdelingen har cirka 200 ledige medlemmer.<\/p>\n<p>Reference<br \/>\nHjemmesiden \/\/nnf.dk \/nyheder\/Pages\/Ledige-behandles-som-kriminelle.aspx \/ F\u00f8devare f\u00f8devareforbundet NNF <\/p>\n<p>For yderlig l\u00e6sning.<\/p>\n<p><a href=\"https:\/\/df-nyt.dk\/?p=20335\"  rel=\"noreferrer nofollow\"><span style=\"text-decoration: underline;\">Dansk Metal: Prisloft godt for de ledige<\/span><\/a><br \/>\n&nbsp;<\/p>\n","protected":false},"excerpt":{"rendered":"<p>Formanden for F\u00f8devareforbundet NNF Midt Vestjylland, Steen Hartmann, sagde p\u00e5 afdelingens generalforsamling torsdag aften, &#8211; Det er i sig selv en meget ubehagelig oplevelse at blive fyret fra sit job. Langt de fleste er jo fuldst\u00e6ndig uden skyld i, at de er blevet ledige. De har klaret deres job godt, men nedsk\u00e6ringer, virksomhedslukninger, finanskrise og [&hellip;]<\/p>\n","protected":false},"author":10,"featured_media":0,"comment_status":"open","ping_status":"closed","sticky":false,"template":"","format":"standard","meta":{"footnotes":""},"categories":[1],"tags":[],"class_list":["post-20348","post","type-post","status-publish","format-standard","hentry","category-df-nyt-dk"],"_links":{"self":[{"href":"https:\/\/df-nyt.dk\/blog\/wp-json\/wp\/v2\/posts\/20348","targetHints":{"allow":["GET"]}}],"collection":[{"href":"https:\/\/df-nyt.dk\/blog\/wp-json\/wp\/v2\/posts"}],"about":[{"href":"https:\/\/df-nyt.dk\/blog\/wp-json\/wp\/v2\/types\/post"}],"author":[{"embeddable":true,"href":"https:\/\/df-nyt.dk\/blog\/wp-json\/wp\/v2\/users\/10"}],"replies":[{"embeddable":true,"href":"https:\/\/df-nyt.dk\/blog\/wp-json\/wp\/v2\/comments?post=20348"}],"version-history":[{"count":1,"href":"https:\/\/df-nyt.dk\/blog\/wp-json\/wp\/v2\/posts\/20348\/revisions"}],"predecessor-version":[{"id":107112,"href":"https:\/\/df-nyt.dk\/blog\/wp-json\/wp\/v2\/posts\/20348\/revisions\/107112"}],"wp:attachment":[{"href":"https:\/\/df-nyt.dk\/blog\/wp-json\/wp\/v2\/media?parent=20348"}],"wp:term":[{"taxonomy":"category","embeddable":true,"href":"https:\/\/df-nyt.dk\/blog\/wp-json\/wp\/v2\/categories?post=20348"},{"taxonomy":"post_tag","embeddable":true,"href":"https:\/\/df-nyt.dk\/blog\/wp-json\/wp\/v2\/tags?post=20348"}],"curies":[{"name":"wp","href":"https:\/\/api.w.org\/{rel}","templated":true}]}}