{"id":20531,"date":"2011-05-03T09:21:05","date_gmt":"2011-05-03T08:21:05","guid":{"rendered":"http:\/\/df-nyt.dk\/?p=20531"},"modified":"2024-09-16T16:51:08","modified_gmt":"2024-09-16T14:51:08","slug":"regeringens-latterlige-indvandrer-regnestykke","status":"publish","type":"post","link":"https:\/\/df-nyt.dk\/blog\/regeringens-latterlige-indvandrer-regnestykke\/","title":{"rendered":"Regeringens latterlige indvandrer-regnestykke"},"content":{"rendered":"<p><img loading=\"lazy\" decoding=\"async\" class=\"size-medium  alignnone\" src=\"https:\/\/df-nyt.dk\/wp-content\/uploads\/030520111018.png\" alt=\"\" width=\"400\" height=\"170\" \/><\/p>\n<p>Den danske regering har bedt fem ministerier opg\u00f8re, hvad indvandringen &#8220;koster&#8221; det danske samfund, og embedsm\u00e6ndene parerer ordrer og fabrikerer straks nogle tal, der viser, at is\u00e6r de m\u00f8rkl\u00f8dede indvandrere koster os en kvart bondeg\u00e5rd. Skriver agger p\u00e5 Bloggen Modpress &#8211; Og forts\u00e6tter b.la. med f\u00f8lgende.<\/p>\n<p>Regeringen g\u00e5r herefter ud og proklamerer, at dette til fulde bekr\u00e6fter den stramme udl\u00e6ndingepolitik.<\/p>\n<p>Det mest underlige ved den historie er vist, at der overhovedet er nogen, der tror p\u00e5 det.<\/p>\n<p>Da CEPOS kom ud med tilsvarende tal blev det p\u00e5peget, at de fleste med &#8220;indvandrerbaggrund&#8221;<br \/>\ner under 15, hvilket ikke er den aldersgruppe, der bidrager mest til skattehusholdningen.<\/p>\n<p>Om tyve \u00e5r, derimod -Men verden vil bedrages, og i et lille land med et meget ensrettet og til dels statskontrolleret medieudbud kan regeringen ofte slippe afsted med selv den v\u00e6rste manipulation. Skriver agger p\u00e5 sin Blog Modpress<\/p>\n<p>For yderlig l\u00e6sning<\/p>\n<p><a href=\"https:\/\/df-nyt.dk\/menneskeret-og-daarlige-samvittighed\/\" rel=\"noreferrer nofollow\"><span style=\"text-decoration: underline;\">Menneskeret og d\u00e5rlige samvittighed<\/span><\/a><\/p>\n","protected":false},"excerpt":{"rendered":"<p>Den danske regering har bedt fem ministerier opg\u00f8re, hvad indvandringen &#8220;koster&#8221; det danske samfund, og embedsm\u00e6ndene parerer ordrer og fabrikerer straks nogle tal, der viser, at is\u00e6r de m\u00f8rkl\u00f8dede indvandrere koster os en kvart bondeg\u00e5rd. Skriver agger p\u00e5 Bloggen Modpress &#8211; Og forts\u00e6tter b.la. med f\u00f8lgende. Regeringen g\u00e5r herefter ud og proklamerer, at dette til [&hellip;]<\/p>\n","protected":false},"author":10,"featured_media":0,"comment_status":"open","ping_status":"closed","sticky":false,"template":"","format":"standard","meta":{"footnotes":""},"categories":[1],"tags":[],"class_list":["post-20531","post","type-post","status-publish","format-standard","hentry","category-df-nyt-dk"],"_links":{"self":[{"href":"https:\/\/df-nyt.dk\/blog\/wp-json\/wp\/v2\/posts\/20531","targetHints":{"allow":["GET"]}}],"collection":[{"href":"https:\/\/df-nyt.dk\/blog\/wp-json\/wp\/v2\/posts"}],"about":[{"href":"https:\/\/df-nyt.dk\/blog\/wp-json\/wp\/v2\/types\/post"}],"author":[{"embeddable":true,"href":"https:\/\/df-nyt.dk\/blog\/wp-json\/wp\/v2\/users\/10"}],"replies":[{"embeddable":true,"href":"https:\/\/df-nyt.dk\/blog\/wp-json\/wp\/v2\/comments?post=20531"}],"version-history":[{"count":1,"href":"https:\/\/df-nyt.dk\/blog\/wp-json\/wp\/v2\/posts\/20531\/revisions"}],"predecessor-version":[{"id":104390,"href":"https:\/\/df-nyt.dk\/blog\/wp-json\/wp\/v2\/posts\/20531\/revisions\/104390"}],"wp:attachment":[{"href":"https:\/\/df-nyt.dk\/blog\/wp-json\/wp\/v2\/media?parent=20531"}],"wp:term":[{"taxonomy":"category","embeddable":true,"href":"https:\/\/df-nyt.dk\/blog\/wp-json\/wp\/v2\/categories?post=20531"},{"taxonomy":"post_tag","embeddable":true,"href":"https:\/\/df-nyt.dk\/blog\/wp-json\/wp\/v2\/tags?post=20531"}],"curies":[{"name":"wp","href":"https:\/\/api.w.org\/{rel}","templated":true}]}}