{"id":20740,"date":"2011-05-06T07:56:37","date_gmt":"2011-05-06T06:56:37","guid":{"rendered":"http:\/\/df-nyt.dk\/?p=20740"},"modified":"2025-07-09T23:26:47","modified_gmt":"2025-07-09T21:26:47","slug":"liberal-alliance-kraever-frit-valg-mellem-h%c3%b8jre-og-venstrek%c3%b8rsel","status":"publish","type":"post","link":"https:\/\/df-nyt.dk\/blog\/liberal-alliance-kraever-frit-valg-mellem-h%c3%b8jre-og-venstrek%c3%b8rsel\/","title":{"rendered":"Liberal Alliance kr\u00e6ver frit valg mellem h\u00f8jre- og venstrek\u00f8rsel"},"content":{"rendered":"<p>Liberal Alliance kr\u00e6ver frit valg mellem h\u00f8jre- og venstrek\u00f8rsel<br \/>\n<img loading=\"lazy\" decoding=\"async\" class=\"alignleft size-full \" title=\"060520110850\" src=\"https:\/\/df-nyt.dk\/blog\/wp-content\/uploads\/060520110850.png\" alt=\"\" width=\"267\" height=\"216\" \/><\/p>\n<p>\u201cVi er voksne og selvst\u00e6ndige individer, der ikke beh\u00f8ver staten til at fort\u00e6lle os, hvordan vi skal k\u00f8re,\u201d siger partiets leder, <span style=\"text-decoration: underline;\"><a href=\"http:\/\/df-nyt.dk\/?p=16777\">Anders Samuelsen<\/a><\/span>, og kalder regeringens f\u00e6rdselspolitik for totalit\u00e6r og Big Mother-agtig.<\/p>\n<p>For fremtiden skal det v\u00e6re valgfrit, om du vil k\u00f8re i h\u00f8jre eller venstre side af vejen.<\/p>\n<p>I hvert fald, hvis det st\u00e5r til Liberal Alliance, der i morges offentliggjorde deres radikale lovforslag som del af \u201cF\u00e6rre Forbud\u201d-m\u00e6rkesagen.<\/p>\n<p>Et andet af partiets medlemmer, Simon Emil Ammitzb\u00f8ll, har tidligere &#8230;<br \/>\nSkriver RokokoPosten.dk\u00a0<br \/>\n\/\/rokokoposten.dk\/2011\/05\/06\/liberal-alliance-kraever-frit-valg-mellem-h%c3%b8jre-og-venstrek%c3%b8rsel\/&#8221;<br \/>\n&#8211; Du kan l\u00e6se mere der<br \/>\nL\u00e6s ogs\u00e5:<br \/>\n<a href=\"http:\/\/df-nyt.dk\/?p=13136\"><span style=\"text-decoration: underline;\">Jeg elsker Liberal Alliance <\/span><\/a><\/p>\n<p><a href=\"http:\/\/df-nyt.dk\/?p=20502\"><span style=\"text-decoration: underline;\">Liberal Alliance Ungdom Fyn er begejstret for Atomkraft<\/span><\/a><\/p>\n","protected":false},"excerpt":{"rendered":"<p>Liberal Alliance kr\u00e6ver frit valg mellem h\u00f8jre- og venstrek\u00f8rsel \u201cVi er voksne og selvst\u00e6ndige individer, der ikke beh\u00f8ver staten til at fort\u00e6lle os, hvordan vi skal k\u00f8re,\u201d siger partiets leder, Anders Samuelsen, og kalder regeringens f\u00e6rdselspolitik for totalit\u00e6r og Big Mother-agtig. For fremtiden skal det v\u00e6re valgfrit, om du vil k\u00f8re i h\u00f8jre eller venstre [&hellip;]<\/p>\n","protected":false},"author":10,"featured_media":0,"comment_status":"open","ping_status":"closed","sticky":false,"template":"","format":"standard","meta":{"footnotes":""},"categories":[1],"tags":[],"class_list":["post-20740","post","type-post","status-publish","format-standard","hentry","category-df-nyt-dk"],"_links":{"self":[{"href":"https:\/\/df-nyt.dk\/blog\/wp-json\/wp\/v2\/posts\/20740","targetHints":{"allow":["GET"]}}],"collection":[{"href":"https:\/\/df-nyt.dk\/blog\/wp-json\/wp\/v2\/posts"}],"about":[{"href":"https:\/\/df-nyt.dk\/blog\/wp-json\/wp\/v2\/types\/post"}],"author":[{"embeddable":true,"href":"https:\/\/df-nyt.dk\/blog\/wp-json\/wp\/v2\/users\/10"}],"replies":[{"embeddable":true,"href":"https:\/\/df-nyt.dk\/blog\/wp-json\/wp\/v2\/comments?post=20740"}],"version-history":[{"count":3,"href":"https:\/\/df-nyt.dk\/blog\/wp-json\/wp\/v2\/posts\/20740\/revisions"}],"predecessor-version":[{"id":108810,"href":"https:\/\/df-nyt.dk\/blog\/wp-json\/wp\/v2\/posts\/20740\/revisions\/108810"}],"wp:attachment":[{"href":"https:\/\/df-nyt.dk\/blog\/wp-json\/wp\/v2\/media?parent=20740"}],"wp:term":[{"taxonomy":"category","embeddable":true,"href":"https:\/\/df-nyt.dk\/blog\/wp-json\/wp\/v2\/categories?post=20740"},{"taxonomy":"post_tag","embeddable":true,"href":"https:\/\/df-nyt.dk\/blog\/wp-json\/wp\/v2\/tags?post=20740"}],"curies":[{"name":"wp","href":"https:\/\/api.w.org\/{rel}","templated":true}]}}