{"id":20898,"date":"2011-05-08T14:39:05","date_gmt":"2011-05-08T13:39:05","guid":{"rendered":"http:\/\/df-nyt.dk\/?p=20898"},"modified":"2025-07-10T13:29:56","modified_gmt":"2025-07-10T11:29:56","slug":"margrethes-ugebrev-helle-thorning-som-statsminister","status":"publish","type":"post","link":"https:\/\/df-nyt.dk\/blog\/margrethes-ugebrev-helle-thorning-som-statsminister\/","title":{"rendered":"Margrethes pressemeddelelse: Helle Thorning som statsminister"},"content":{"rendered":"<p>RADIKALE VENSTRE<br \/>\nMargrethes pressemeddelelse<br \/>\n(Modtaget pr E-Mail)<br \/>\nHelle Thorning som statsminister<br \/>\nMargrethe Vestager  08-maj-2011<\/p>\n<p>Intet er forandret.<br \/>\nVi har aldrig lagt skjul p\u00e5, at vi vil k\u00e6mpe for at f\u00e5 gennemf\u00f8rt radikal politik. Ligesom vi aldrig har lagt skjul p\u00e5, at vi peger p\u00e5 Helle Thorning som statsminister. <\/p>\n<p>Og det bliver vi ved med.<br \/>\nN\u00e5r vi sidder omkring forhandlingsbordet i \u00f8jeblikket, s\u00e5 er det fordi finansministeren har fremlagt radikal politik.<\/p>\n<p>Nemlig at fremrykke pensionsalderen og afskaffe efterl\u00f8nnen.<br \/>\nFor vi som ansvarlige politikere bliver n\u00f8dt til at foretage en benh\u00e5rd prioritering, s\u00e5 vi ikke efterlader en g\u00e6ldsbyrde til vores b\u00f8rn og b\u00f8rneb\u00f8rn.<\/p>\n<p>Og Radikale Venstres prioritering er klar.<br \/>\nVi \u00f8nsker, der er raske erfarne mennesker p\u00e5 arbejdsmarkedet, penge i statskassen og bedre uddannelser.<\/p>\n<p>Det er s\u00e5dan, at hvis et menneske g\u00e5r p\u00e5 efterl\u00f8n som 60-\u00e5rig, s\u00e5 koster vedkomne det samme som at undervise tre b\u00f8rn i folkeskolen i et helt \u00e5r.<\/p>\n<p>Efter 10 \u00e5r med en borgerlig regering er danskerne bragt i en ekstrem vanskelig \u00f8konomisk situation, hvor der bliver skabt mere og mere g\u00e6ld hver eneste dag.<\/p>\n<p>Det er derfor, vi ogs\u00e5 siger, at vi har brug for at f\u00e5 en ny ledelse med Helle Thorning i spidsen.<\/p>\n<p>Men det er ikke kun \u00f8konomien, der har haltet med Venstre og Konservative ved roret.<\/p>\n<p>Regeringspartierne har ogs\u00e5 lagt rygstykker til Cirkus Kj\u00e6rsgaards udl\u00e6ndingestramninger.<\/p>\n<p>Derfor er jeg glad for, at Helle Thorning har sagt klart, at <a href=\"http:\/\/bit.ly\/iM71sx\">der er strammet nok<\/a>.<\/p>\n<p>Socialdemokraterne vil v\u00e6re med til at \u00e6ndre, rulle tilbage og lave om i de stramninger, som Dansk Folkeparti har fantasi til at foresl\u00e5 og f\u00e5 gennemf\u00f8rt under forhandlingerne.<\/p>\n<p>Det er et vigtigt og meget klart signal p\u00e5 udl\u00e6ndingeomr\u00e5det.<\/p>\n<p>Sammen med Helle Thorning vil vi g\u00f8re op med den fejlslagne blokpolitik, som VKO har st\u00e5et for i n\u00e6sten et \u00e5rti.<\/p>\n<p>Vidtg\u00e5ende \u00e6ndringer af vores samfund og dansk deltagelse i en angrebskrig er &#8211; ligesom samtlige finanslove &#8211; besluttet af VKO hen over hovedet p\u00e5 de \u00f8vrige partier i Folketinget &#8211; og de mange, mange borgere, som de repr\u00e6senterer.<\/p>\n<p>Vi er selvf\u00f8lgelig helt bevidste om, at det komplicerer tingene, n\u00e5r nogen bryder ud af den uproduktive blokpolitik, men jeg er sikker p\u00e5, at det kan l\u00f8ses.<\/p>\n<p>For vi vil gennemf\u00f8re radikal politik. Samtidig med at vi peger p\u00e5 Helle Thorning som statsminister.<\/p>\n<p>Venlig hilsen<br \/>\n<em>Margrethe Vestager<\/em><br \/>\n\/\/www.radikale.dk\/\/public\/upload\/Billeder\/mv_signatur.png&#8221; alt=&#8221;&#8221; border=&#8221;0&#8243; \/><br \/>\nDu kan se mere p\u00e5 \/\/www.radikale.dk\/&#8221; www.radikale.dk<\/p>\n<p><img loading=\"lazy\" decoding=\"async\" class=\"alignnone size-full \" title=\"080520111538\" src=\"https:\/\/df-nyt.dk\/blog\/wp-content\/uploads\/080520111538.png\" alt=\"\" width=\"222\" height=\"141\" \/><\/p>\n","protected":false},"excerpt":{"rendered":"<p>RADIKALE VENSTRE Margrethes pressemeddelelse (Modtaget pr E-Mail) Helle Thorning som statsminister Margrethe Vestager 08-maj-2011 Intet er forandret. Vi har aldrig lagt skjul p\u00e5, at vi vil k\u00e6mpe for at f\u00e5 gennemf\u00f8rt radikal politik. Ligesom vi aldrig har lagt skjul p\u00e5, at vi peger p\u00e5 Helle Thorning som statsminister. Og det bliver vi ved med. N\u00e5r [&hellip;]<\/p>\n","protected":false},"author":10,"featured_media":0,"comment_status":"open","ping_status":"closed","sticky":false,"template":"","format":"standard","meta":{"footnotes":""},"categories":[1],"tags":[],"class_list":["post-20898","post","type-post","status-publish","format-standard","hentry","category-df-nyt-dk"],"_links":{"self":[{"href":"https:\/\/df-nyt.dk\/blog\/wp-json\/wp\/v2\/posts\/20898","targetHints":{"allow":["GET"]}}],"collection":[{"href":"https:\/\/df-nyt.dk\/blog\/wp-json\/wp\/v2\/posts"}],"about":[{"href":"https:\/\/df-nyt.dk\/blog\/wp-json\/wp\/v2\/types\/post"}],"author":[{"embeddable":true,"href":"https:\/\/df-nyt.dk\/blog\/wp-json\/wp\/v2\/users\/10"}],"replies":[{"embeddable":true,"href":"https:\/\/df-nyt.dk\/blog\/wp-json\/wp\/v2\/comments?post=20898"}],"version-history":[{"count":3,"href":"https:\/\/df-nyt.dk\/blog\/wp-json\/wp\/v2\/posts\/20898\/revisions"}],"predecessor-version":[{"id":108844,"href":"https:\/\/df-nyt.dk\/blog\/wp-json\/wp\/v2\/posts\/20898\/revisions\/108844"}],"wp:attachment":[{"href":"https:\/\/df-nyt.dk\/blog\/wp-json\/wp\/v2\/media?parent=20898"}],"wp:term":[{"taxonomy":"category","embeddable":true,"href":"https:\/\/df-nyt.dk\/blog\/wp-json\/wp\/v2\/categories?post=20898"},{"taxonomy":"post_tag","embeddable":true,"href":"https:\/\/df-nyt.dk\/blog\/wp-json\/wp\/v2\/tags?post=20898"}],"curies":[{"name":"wp","href":"https:\/\/api.w.org\/{rel}","templated":true}]}}