{"id":20940,"date":"2011-05-09T11:33:20","date_gmt":"2011-05-09T10:33:20","guid":{"rendered":"http:\/\/df-nyt.dk\/?p=20940"},"modified":"2024-09-30T23:19:31","modified_gmt":"2024-09-30T21:19:31","slug":"qureshi-rystet-over-manglende-hjaelp-til-badflygtninge","status":"publish","type":"post","link":"https:\/\/df-nyt.dk\/blog\/qureshi-rystet-over-manglende-hjaelp-til-badflygtninge\/","title":{"rendered":"Qureshi: Rystet over manglende hj\u00e6lp til b\u00e5dflygtninge"},"content":{"rendered":"<p><img loading=\"lazy\" decoding=\"async\" class=\"alignnone\" title=\"090520111232\" src=\"https:\/\/df-nyt.dk\/\/wp-content\/uploads\/090520111232.png\" alt=\"\" width=\"250\" height=\"189\" \/><\/p>\n<p>Udenrigsministeren skal redeg\u00f8re for beskyldninger om NATO\u2019s svigt af libyske b\u00e5dflygtninge<br \/>\n-Det er en dybt problematisk, at over 60 mennesker d\u00f8de under de umenneskelige omst\u00e6ndigheder p\u00e5 flugten fra et krigsomr\u00e5de. Skriver SF i sin pressemeddelelse<\/p>\n<p>-Og forts\u00e6tter<br \/>\nAt det s\u00e5 st\u00e5r i forbindelse med at NATO-fl\u00e5den tilsyneladende ikke hjalp b\u00e5dflygtningene er for mig dybt chokerende.<br \/>\nNATO-mandatet giver ikke kun retten, men pligten til at hj\u00e6lpe den libyske befolkning og den hj\u00e6lp oph\u00f8rer selvf\u00f8lgelig ikke bare fordi hj\u00e6lpen skal bruges til havs, siger SF\u2019s menneskerettighedsordf\u00f8rer Kamal Qureshi.<\/p>\n<p>-Allerede i midten af marts gjorde jeg opm\u00e6rksom p\u00e5 risikoen for en humanit\u00e6r katastrofe, hvis NATO og regeringen ikke tager flygtningestr\u00f8mmen fra Nordafrika alvorligt.<\/p>\n<p>Det er afg\u00f8rende for operationens legitimitet at fokus bevares p\u00e5 at hj\u00e6lpe civile libyere.<\/p>\n<p>Hvis NATO og regeringen ikke bliver deres fulde ansvar overfor den libyske befolkning bevidst, kommer vi til at se mange flere tragedier som den nuv\u00e6rende.<\/p>\n<p>Qureshi kr\u00e6ver nu en redeg\u00f8relse fra udenrigsministeren om Natos rolle i forhold til beskyldningerne om passivitet overfor de n\u00f8dstedte b\u00e5dflygtninge.<\/p>\n<p><a href=\"http:\/\/sf.dk\/\" target=\"_blank\" rel=\"noopener noreferrer\"><u>Se seneste nyt fra SF her<\/u><\/a><\/p>\n","protected":false},"excerpt":{"rendered":"<p>Udenrigsministeren skal redeg\u00f8re for beskyldninger om NATO\u2019s svigt af libyske b\u00e5dflygtninge -Det er en dybt problematisk, at over 60 mennesker d\u00f8de under de umenneskelige omst\u00e6ndigheder p\u00e5 flugten fra et krigsomr\u00e5de. Skriver SF i sin pressemeddelelse -Og forts\u00e6tter At det s\u00e5 st\u00e5r i forbindelse med at NATO-fl\u00e5den tilsyneladende ikke hjalp b\u00e5dflygtningene er for mig dybt chokerende. [&hellip;]<\/p>\n","protected":false},"author":10,"featured_media":0,"comment_status":"open","ping_status":"closed","sticky":false,"template":"","format":"standard","meta":{"footnotes":""},"categories":[1],"tags":[],"class_list":["post-20940","post","type-post","status-publish","format-standard","hentry","category-df-nyt-dk"],"_links":{"self":[{"href":"https:\/\/df-nyt.dk\/blog\/wp-json\/wp\/v2\/posts\/20940","targetHints":{"allow":["GET"]}}],"collection":[{"href":"https:\/\/df-nyt.dk\/blog\/wp-json\/wp\/v2\/posts"}],"about":[{"href":"https:\/\/df-nyt.dk\/blog\/wp-json\/wp\/v2\/types\/post"}],"author":[{"embeddable":true,"href":"https:\/\/df-nyt.dk\/blog\/wp-json\/wp\/v2\/users\/10"}],"replies":[{"embeddable":true,"href":"https:\/\/df-nyt.dk\/blog\/wp-json\/wp\/v2\/comments?post=20940"}],"version-history":[{"count":5,"href":"https:\/\/df-nyt.dk\/blog\/wp-json\/wp\/v2\/posts\/20940\/revisions"}],"predecessor-version":[{"id":104995,"href":"https:\/\/df-nyt.dk\/blog\/wp-json\/wp\/v2\/posts\/20940\/revisions\/104995"}],"wp:attachment":[{"href":"https:\/\/df-nyt.dk\/blog\/wp-json\/wp\/v2\/media?parent=20940"}],"wp:term":[{"taxonomy":"category","embeddable":true,"href":"https:\/\/df-nyt.dk\/blog\/wp-json\/wp\/v2\/categories?post=20940"},{"taxonomy":"post_tag","embeddable":true,"href":"https:\/\/df-nyt.dk\/blog\/wp-json\/wp\/v2\/tags?post=20940"}],"curies":[{"name":"wp","href":"https:\/\/api.w.org\/{rel}","templated":true}]}}