{"id":20961,"date":"2011-05-09T14:21:51","date_gmt":"2011-05-09T13:21:51","guid":{"rendered":"http:\/\/df-nyt.dk\/?p=20961"},"modified":"2025-07-16T14:09:29","modified_gmt":"2025-07-16T12:09:29","slug":"folk-med-nedsat-arbejdsevne-ender-i-okonomisk-hul","status":"publish","type":"post","link":"https:\/\/df-nyt.dk\/blog\/folk-med-nedsat-arbejdsevne-ender-i-okonomisk-hul\/","title":{"rendered":"Folk med nedsat arbejdsevne ender i \u00f8konomisk hul"},"content":{"rendered":"<p><img loading=\"lazy\" decoding=\"async\" class=\"alignleft  \" title=\"090520111520\" src=\"https:\/\/df-nyt.dk\/blog\/wp-content\/uploads\/090520111520.png\" alt=\"\" width=\"110\" height=\"91\" \/><br \/>\nFolk med nedsat arbejdsevne ender i \u00f8konomisk hul<br \/>\nFor rask til et fleksjob og ledighedsydelse, men for syg til at klare et fuldtidsjob og ret til dagpenge ved ledighed.<\/p>\n<p>Det er virkeligheden for de mange, som kun kan holde til at arbejde 20-30 timer om ugen.<\/p>\n<p>Fremtiden ser \u00f8konomisk sort ud for de mennesker,<br \/>\nIf\u00f8lge fleksjobreglerne, skal man have en \u201dvarig og v\u00e6sentlig begr\u00e6nsning i arbejdsevnen\u201d for at f\u00e5 et fleksjob, som er et job p\u00e5 s\u00e6rlige vilk\u00e5r med fuld l\u00f8n.<\/p>\n<p>Jobcentrene fortolker derfor oftest den v\u00e6sentlige neds\u00e6ttelse af arbejdsevnen til at skulle v\u00e6re mindst 50 procent \u2013 s\u00e5 man maksimalt kan arbejde cirka 20 timer om ugen &#8211; f\u00f8r de vil bevillige et fleksjob.<\/p>\n<p>Hvis man har en nedsat arbejdsevne, s\u00e5 man ikke kan arbejde p\u00e5 fuld tid, men mere end halv tid, ender man helt uden for systemet ved ledighed.<\/p>\n<p>Kun folk bevilliget til fleksjob kan f\u00e5 ledighedsydelse og for at f\u00e5 dagpenge, skal man st\u00e5 til r\u00e5dighed for arbejdsmarkedet mindst 30 timer om ugen.<\/p>\n<p>Ledige, som kan arbejde mellem 20-30 timer, ender derfor mellem de to systemer.<\/p>\n<p>De m\u00e5 klare sig p\u00e5 kontanthj\u00e6lp eller ingenting, hvis de er gift eller ejer noget af v\u00e6rdi. Skriver HK p\u00e5 deres Nyhedsmedie<br \/>\n\/\/www.hk.dk:80\/www\/nyheder\/nyhedsarkiv\/maj_2011 folk_med_nedsat_arbejdsevne_ender_i_oekonomisk_hul&#8221;<\/p>\n<p>L\u00e6s ogs\u00e5:<br \/>\n<a href=\"http:\/\/df-nyt.dk\/?p=20923\"><span style=\"text-decoration: underline;\"><strong>\u2018Dokter NEJ\u2019 har sagt det sidste \u2018NEJ\u2019 i Svendborg<\/strong><\/span><\/a><\/p>\n","protected":false},"excerpt":{"rendered":"<p>Folk med nedsat arbejdsevne ender i \u00f8konomisk hul For rask til et fleksjob og ledighedsydelse, men for syg til at klare et fuldtidsjob og ret til dagpenge ved ledighed. Det er virkeligheden for de mange, som kun kan holde til at arbejde 20-30 timer om ugen. Fremtiden ser \u00f8konomisk sort ud for de mennesker, If\u00f8lge [&hellip;]<\/p>\n","protected":false},"author":10,"featured_media":0,"comment_status":"open","ping_status":"closed","sticky":false,"template":"","format":"standard","meta":{"footnotes":""},"categories":[1],"tags":[],"class_list":["post-20961","post","type-post","status-publish","format-standard","hentry","category-df-nyt-dk"],"_links":{"self":[{"href":"https:\/\/df-nyt.dk\/blog\/wp-json\/wp\/v2\/posts\/20961","targetHints":{"allow":["GET"]}}],"collection":[{"href":"https:\/\/df-nyt.dk\/blog\/wp-json\/wp\/v2\/posts"}],"about":[{"href":"https:\/\/df-nyt.dk\/blog\/wp-json\/wp\/v2\/types\/post"}],"author":[{"embeddable":true,"href":"https:\/\/df-nyt.dk\/blog\/wp-json\/wp\/v2\/users\/10"}],"replies":[{"embeddable":true,"href":"https:\/\/df-nyt.dk\/blog\/wp-json\/wp\/v2\/comments?post=20961"}],"version-history":[{"count":3,"href":"https:\/\/df-nyt.dk\/blog\/wp-json\/wp\/v2\/posts\/20961\/revisions"}],"predecessor-version":[{"id":109103,"href":"https:\/\/df-nyt.dk\/blog\/wp-json\/wp\/v2\/posts\/20961\/revisions\/109103"}],"wp:attachment":[{"href":"https:\/\/df-nyt.dk\/blog\/wp-json\/wp\/v2\/media?parent=20961"}],"wp:term":[{"taxonomy":"category","embeddable":true,"href":"https:\/\/df-nyt.dk\/blog\/wp-json\/wp\/v2\/categories?post=20961"},{"taxonomy":"post_tag","embeddable":true,"href":"https:\/\/df-nyt.dk\/blog\/wp-json\/wp\/v2\/tags?post=20961"}],"curies":[{"name":"wp","href":"https:\/\/api.w.org\/{rel}","templated":true}]}}