{"id":21346,"date":"2011-05-14T13:34:11","date_gmt":"2011-05-14T12:34:11","guid":{"rendered":"http:\/\/df-nyt.dk\/?p=21346"},"modified":"2024-10-17T20:43:36","modified_gmt":"2024-10-17T18:43:36","slug":"lyk%c3%b8nsknings-telegrammerne-str%c3%b8mmer-ind","status":"publish","type":"post","link":"https:\/\/df-nyt.dk\/blog\/lyk%c3%b8nsknings-telegrammerne-str%c3%b8mmer-ind\/","title":{"rendered":"Efter en fuldst\u00e6ndig afskaffelse af efterl\u00f8nnen"},"content":{"rendered":"<p><img loading=\"lazy\" decoding=\"async\" src=\"https:\/\/df-nyt.dk\/wp-content\/uploads\/140520111444.png\" alt=\"\" width=\"203\" height=\"268\" class=\"alignleft size-full \" \/><br \/>\n&nbsp;<br \/>\nEfter en fuldst\u00e6ndig afskaffelse af efterl\u00f8nnen<br \/>\nStr\u00f8mmer lyk\u00f8nsknings-telegrammer ind<\/p>\n<p>Begejstringen over nye tiltag, som v\u00e6rkt\u00f8j til at discipliner dovne arbejdstagere, er sv\u00e6r at skjule. <\/p>\n<p>Nu mangler Dansk Folkeparti, regeringen og LA at f\u00e5 sat arbejdstiden op, s\u00e5 Danmarks konkurrenceevne kommer helt i top.<\/p>\n<p>Fra Dansk Folkepartis side har der v\u00e6ret fremsat forslag om, at fjerne arbejdstagernes <a href=\"https:\/\/df-nyt.dk\/?p=6864  \/\"rel=\"noreferrer nofollow\"><span style=\"text-decoration: underline\">frokostpause<\/span><\/a> -Det er ret indlysende at den slags unyttige pauser, er \u00f8del\u00e6ggende for en fornuftig arbejdsrytme.<\/p>\n<p>Fra foreningen Danske Direkt\u00f8rer lyder der et trefoldigt Sk\u00e5l<br \/>\n&nbsp;<br \/>\n<img loading=\"lazy\" decoding=\"async\" class=\"aligncenter size-full \" title=\"140520111424\" src=\"https:\/\/df-nyt.dk\/\/wp-content\/uploads\/140520111424.png\" alt=\"\" width=\"407\" height=\"216\" \/><\/p>\n<p>Tv-Stationen, Strandvejens Stemme, hylder den glov\u00e6rdige VKO-LA-regering, efter<br \/>\nden har sl\u00e5et fast, at nedslidning og efterl\u00f8n er noget pjat og jammer.<\/p>\n<p>For yderlig l\u00e6sning<\/p>\n<p><a href=\"https:\/\/df-nyt.dk\/?p=21308  \/\" rel=\"noreferrer nofollow\">><span style=\"text-decoration: underline;\">Ekstrabladet: Pia Kj\u00e6rsgaard fuld af l\u00f8gn<\/span><\/a><br \/>\n&nbsp;<br \/>\n<a href=\"https:\/\/df-nyt.dk\/?p=21321  \/\" rel=\"noreferrer nofollow\">><span style=\"text-decoration: underline;\">Fagbev\u00e6gelsen: Fredag d. 13. forliget!<\/span><\/a><br \/>\n&nbsp;<br \/>\n<a href=\"https:\/\/df-nyt.dk\/?p=14025  \/\" rel=\"noreferrer nofollow\"><span style=\"text-decoration: underline;\">Efterl\u00f8nnere angribes p\u00e5 \u00f8konomien<\/span><\/a><br \/>\n&nbsp;<br \/>\n<a href=\"https:\/\/df-nyt.dk\/?p=17152  \/\" rel=\"noreferrer nofollow\">><span style=\"text-decoration: underline;\">Han n\u00e5ede ikke at f\u00e5 sin f\u00f8rtidspension<\/span><\/a><br \/>\n&nbsp;<\/p>\n","protected":false},"excerpt":{"rendered":"<p>&nbsp; Efter en fuldst\u00e6ndig afskaffelse af efterl\u00f8nnen Str\u00f8mmer lyk\u00f8nsknings-telegrammer ind Begejstringen over nye tiltag, som v\u00e6rkt\u00f8j til at discipliner dovne arbejdstagere, er sv\u00e6r at skjule. Nu mangler Dansk Folkeparti, regeringen og LA at f\u00e5 sat arbejdstiden op, s\u00e5 Danmarks konkurrenceevne kommer helt i top. Fra Dansk Folkepartis side har der v\u00e6ret fremsat forslag om, at [&hellip;]<\/p>\n","protected":false},"author":10,"featured_media":0,"comment_status":"open","ping_status":"closed","sticky":false,"template":"","format":"standard","meta":{"footnotes":""},"categories":[1],"tags":[],"class_list":["post-21346","post","type-post","status-publish","format-standard","hentry","category-df-nyt-dk"],"_links":{"self":[{"href":"https:\/\/df-nyt.dk\/blog\/wp-json\/wp\/v2\/posts\/21346","targetHints":{"allow":["GET"]}}],"collection":[{"href":"https:\/\/df-nyt.dk\/blog\/wp-json\/wp\/v2\/posts"}],"about":[{"href":"https:\/\/df-nyt.dk\/blog\/wp-json\/wp\/v2\/types\/post"}],"author":[{"embeddable":true,"href":"https:\/\/df-nyt.dk\/blog\/wp-json\/wp\/v2\/users\/10"}],"replies":[{"embeddable":true,"href":"https:\/\/df-nyt.dk\/blog\/wp-json\/wp\/v2\/comments?post=21346"}],"version-history":[{"count":1,"href":"https:\/\/df-nyt.dk\/blog\/wp-json\/wp\/v2\/posts\/21346\/revisions"}],"predecessor-version":[{"id":105746,"href":"https:\/\/df-nyt.dk\/blog\/wp-json\/wp\/v2\/posts\/21346\/revisions\/105746"}],"wp:attachment":[{"href":"https:\/\/df-nyt.dk\/blog\/wp-json\/wp\/v2\/media?parent=21346"}],"wp:term":[{"taxonomy":"category","embeddable":true,"href":"https:\/\/df-nyt.dk\/blog\/wp-json\/wp\/v2\/categories?post=21346"},{"taxonomy":"post_tag","embeddable":true,"href":"https:\/\/df-nyt.dk\/blog\/wp-json\/wp\/v2\/tags?post=21346"}],"curies":[{"name":"wp","href":"https:\/\/api.w.org\/{rel}","templated":true}]}}