{"id":21692,"date":"2011-05-19T18:22:50","date_gmt":"2011-05-19T17:22:50","guid":{"rendered":"http:\/\/df-nyt.dk\/?p=21692"},"modified":"2026-01-10T18:35:30","modified_gmt":"2026-01-10T17:35:30","slug":"krematoriet-ejer-indr%c3%b8mmer-opbevaring-af-afd%c3%b8de-i-biler","status":"publish","type":"post","link":"https:\/\/df-nyt.dk\/blog\/krematoriet-ejer-indr%c3%b8mmer-opbevaring-af-afd%c3%b8de-i-biler\/","title":{"rendered":"Krematorie-ejer indr\u00f8mmer opbevaring af afd\u00f8de i varebiler"},"content":{"rendered":"<p><img loading=\"lazy\" decoding=\"async\" class=\"alignnone \" title=\"190520111903\" src=\"https:\/\/df-nyt.dk\/\/wp-content\/uploads\/190520111903.png\" alt=\"\" width=\"226\" height=\"118\" \/><\/p>\n<p>Krematorie-ejer indr\u00f8mmer opbevaring af afd\u00f8de i varebiler<br \/>\nPrivatejet Krematorium opbevarende afd\u00f8de i varebiler<\/p>\n<p>I sidste m\u00e5ned skulle en reparat\u00f8rer skifte forruden i en varevogn, han bem\u00e6rkede en st\u00e6rk lugt, som kom fra k\u00f8ret\u00f8jet og tilkaldte politiet.<\/p>\n<p>Men de ikke var i stand at handle p\u00e5 det tidspunkt, da der ingen forbrydelse var blevet beg\u00e5et, mente man.<\/p>\n<p>Efter et anonymt tip til en lokal tv-station, f\u00f8rte til billeder og video af afd\u00f8de som blev opbevaret i kasser i en varevogn, og maddiker p\u00e5 krematoriet gulvet.<\/p>\n<p>Du kan se videoen herunder<\/p>\n<p><iframe loading=\"lazy\" src=\"https:\/\/youtube.com\/embed\/ACTG7bWq_PY? \" width=\"400\" height=\"225\" frameborder=\"0\"><\/iframe><\/p>\n<p>S\u00e5 gik tv-stationen ind i sagen med en undercover efterforsker.<br \/>\nDet privatejet krematorium er ejet af Frank Lambert, som ejer alle statens krematorier.<\/p>\n<p><iframe loading=\"lazy\" src=\"https:\/\/youtube.com\/embed\/aXopL27KO_8? \" width=\"400\" height=\"225\" frameborder=\"0\"><\/iframe><\/p>\n<p>49 af de ialt 74 afd\u00f8de i hans varet\u00e6gt blev ikke nedk\u00f8let korrekt,<br \/>\nog flere blev stablet i varevogne eller stod p\u00e5 nogle borde.<br \/>\nSkriver Tucson Citizen News<\/p>\n<p>Reference<br \/>\n\/\/dailymail.co.uk \/news\/article\/Crematory-owner-busted-stacking-corpses-vans-cars<\/p>\n<p>For yderlig l\u00e6sning<\/p>\n<p><a href=\"https:\/\/df-nyt.dk\/?p=21654\/\" target=\"_blank\" rel=\"noopener noreferrer\"><span style=\"text-decoration: underline;\">Politi i dialog p\u00e5 FaceBook<\/span><\/a><br \/>\n&nbsp;<br \/>\n<a href=\"https:\/\/df-nyt.dk\/?p=21483\/\" target=\"_blank\" rel=\"noopener noreferrer\"><span style=\"text-decoration: underline;\">Tenerife morder var fri trods arrestordre<\/span><\/a><br \/>\n&nbsp;<\/p>\n","protected":false},"excerpt":{"rendered":"<p>Krematorie-ejer indr\u00f8mmer opbevaring af afd\u00f8de i varebiler Privatejet Krematorium opbevarende afd\u00f8de i varebiler I sidste m\u00e5ned skulle en reparat\u00f8rer skifte forruden i en varevogn, han bem\u00e6rkede en st\u00e6rk lugt, som kom fra k\u00f8ret\u00f8jet og tilkaldte politiet. Men de ikke var i stand at handle p\u00e5 det tidspunkt, da der ingen forbrydelse var blevet beg\u00e5et, mente [&hellip;]<\/p>\n","protected":false},"author":10,"featured_media":0,"comment_status":"open","ping_status":"closed","sticky":false,"template":"","format":"standard","meta":{"footnotes":""},"categories":[1],"tags":[],"class_list":["post-21692","post","type-post","status-publish","format-standard","hentry","category-df-nyt-dk"],"_links":{"self":[{"href":"https:\/\/df-nyt.dk\/blog\/wp-json\/wp\/v2\/posts\/21692","targetHints":{"allow":["GET"]}}],"collection":[{"href":"https:\/\/df-nyt.dk\/blog\/wp-json\/wp\/v2\/posts"}],"about":[{"href":"https:\/\/df-nyt.dk\/blog\/wp-json\/wp\/v2\/types\/post"}],"author":[{"embeddable":true,"href":"https:\/\/df-nyt.dk\/blog\/wp-json\/wp\/v2\/users\/10"}],"replies":[{"embeddable":true,"href":"https:\/\/df-nyt.dk\/blog\/wp-json\/wp\/v2\/comments?post=21692"}],"version-history":[{"count":4,"href":"https:\/\/df-nyt.dk\/blog\/wp-json\/wp\/v2\/posts\/21692\/revisions"}],"predecessor-version":[{"id":111131,"href":"https:\/\/df-nyt.dk\/blog\/wp-json\/wp\/v2\/posts\/21692\/revisions\/111131"}],"wp:attachment":[{"href":"https:\/\/df-nyt.dk\/blog\/wp-json\/wp\/v2\/media?parent=21692"}],"wp:term":[{"taxonomy":"category","embeddable":true,"href":"https:\/\/df-nyt.dk\/blog\/wp-json\/wp\/v2\/categories?post=21692"},{"taxonomy":"post_tag","embeddable":true,"href":"https:\/\/df-nyt.dk\/blog\/wp-json\/wp\/v2\/tags?post=21692"}],"curies":[{"name":"wp","href":"https:\/\/api.w.org\/{rel}","templated":true}]}}