{"id":21751,"date":"2011-05-20T19:12:02","date_gmt":"2011-05-20T18:12:02","guid":{"rendered":"http:\/\/df-nyt.dk\/?p=21751"},"modified":"2017-04-21T20:01:36","modified_gmt":"2017-04-21T18:01:36","slug":"asylret-dk-en-god-nyhed-midt-i-al-modgang","status":"publish","type":"post","link":"https:\/\/df-nyt.dk\/blog\/asylret-dk-en-god-nyhed-midt-i-al-modgang\/","title":{"rendered":"Asylret.dk: En god nyhed midt i al modgang"},"content":{"rendered":"<p><strong>&#8216;Tvangsudvisning af ung afghansk kvinde stoppet&#8217;<\/strong><\/p>\n<p><img loading=\"lazy\" decoding=\"async\" class=\"aligncenter size-full wp-image-21752\" src=\"https:\/\/df-nyt.dk\/blog\/wp-content\/uploads\/200520112004.png\" alt=\"\" width=\"471\" height=\"65\" \/><\/p>\n<p><strong>Skriver Asylret, Juragruppen p\u00e5 FaceBook &#8211; og forts\u00e6tter:<\/strong><\/p>\n<p>Tidligere i denne uge har Asylret udsendt meddelelser ang\u00e5ende tvangsudvisningen af en afghansk mor og hendes yngste datter.<\/p>\n<p>P\u00e5 trods af den \u00e6ldste datters meget alvorlige sygdom sidder faderen fortsat indesp\u00e6rret i Elleb\u00e6k og afventer tvangsudvisning.<\/p>\n<p>S\u00e5 l\u00e6nge de danske myndigheder holder faderen indesp\u00e6rret i Ellelb\u00e6k er den \u00e6ldste datter i realiteten alene i Danmark uden familie, der kan tage h\u00e5nd om hende.<\/p>\n<p>Dette er overladt til hendes n\u00e6rmeste venner, p\u00e5 hvem der dermed hviler et urimeligt tungt ansvar.<\/p>\n<p>I arbejdet med sagen dannede Asylret en lille komite, der arbejdede \/ arbejder p\u00e5 f\u00f8lgende omr\u00e5der:<\/p>\n<p>A. kontakt til de afghanske myndigheder og indhentning af de n\u00f8dvendige dokumenter.<\/p>\n<p>B. indhentning af oplysninger hos diverse danske myndigheder.<\/p>\n<p>C. Kontakt til sundhedsv\u00e6snet.<\/p>\n<p>Stop for udvisningen af den unge afghanske kvinde er resultatet af 6 dages h\u00e5rdt arbejde og Asylret arbejder fortsat p\u00e5 sagen.<\/p>\n<p>Vi pr\u00f8ver at finde en vej, s\u00e5 familien, der er splittet af de danske myndigheders ubarmhjertige fremf\u00e6rd, (<span style=\"text-decoration: underline;\"><strong><a href=\"http:\/\/www.facebook.com\/pages\/Asylretdk\/145621252146297\" target=\"_blank\" rel=\"noopener noreferrer\">se tidligere meddelelser<\/a><\/strong><\/span>) igen kan blive forenet.<\/p>\n<p>Asylret opfordrer til at den kommende S-SF regering arbejder p\u00e5 en grundig udmugning af den herskende alt\u00f8del\u00e6ggende udl\u00e6ndingepolitik, som den afghanske families kranke sk\u00e6bne er en alt for klar illustration af.<\/p>\n<p>Asylret, Jura-gruppen<\/p>\n<p style=\"text-align: left;\"><span style=\"text-decoration: underline;\"><strong><a href=\"http:\/\/www.facebook.com\/pages\/Asylretdk\/145621252146297\">Du kan l\u00e6se mere HER p\u00e5 FaceBook<\/a><\/strong><\/span><\/p>\n<p><span style=\"text-decoration: underline;\"><strong><a href=\"https:\/\/df-nyt.dk\/blog\/wp-content\/uploads\/200520112004.png\"><img loading=\"lazy\" decoding=\"async\" class=\"aligncenter size-full wp-image-21752\" title=\"200520112004\" src=\"https:\/\/df-nyt.dk\/blog\/wp-content\/uploads\/200520112004.png\" alt=\"\" width=\"471\" height=\"65\" \/><\/a><br \/>\n<\/strong><\/span><strong>L\u00e6s ogs\u00e5:<\/strong><\/p>\n<p><span style=\"text-decoration: underline;\"><strong><a href=\"http:\/\/df-nyt.dk\/?p=21065\" target=\"_blank\" rel=\"noopener noreferrer\">Australsk Fredspris til Julian Assange<\/a><\/strong><\/span><\/p>\n<p><strong><a href=\"http:\/\/df-nyt.dk\/?p=21644\" target=\"_blank\" rel=\"noopener noreferrer\">Minister st\u00f8ttede amnesti for nazisterne<\/a><\/strong><\/p>\n<p><span style=\"text-decoration: underline;\"><strong><a href=\"http:\/\/df-nyt.dk\/?p=20666\" target=\"_blank\" rel=\"noopener noreferrer\">Tavs delegation i FN\u2019s Menneskerettighedsr\u00e5d \u2013 Ynkeligt<\/a><\/strong><\/span><\/p>\n<p>&nbsp;<\/p>\n","protected":false},"excerpt":{"rendered":"<p>&#8216;Tvangsudvisning af ung afghansk kvinde stoppet&#8217; Skriver Asylret, Juragruppen p\u00e5 FaceBook &#8211; og forts\u00e6tter: Tidligere i denne uge har Asylret udsendt meddelelser ang\u00e5ende tvangsudvisningen af en afghansk mor og hendes yngste datter. P\u00e5 trods af den \u00e6ldste datters meget alvorlige sygdom sidder faderen fortsat indesp\u00e6rret i Elleb\u00e6k og afventer tvangsudvisning. S\u00e5 l\u00e6nge de danske myndigheder [&hellip;]<\/p>\n","protected":false},"author":10,"featured_media":0,"comment_status":"open","ping_status":"closed","sticky":false,"template":"","format":"standard","meta":{"footnotes":""},"categories":[1],"tags":[],"class_list":["post-21751","post","type-post","status-publish","format-standard","hentry","category-df-nyt-dk"],"_links":{"self":[{"href":"https:\/\/df-nyt.dk\/blog\/wp-json\/wp\/v2\/posts\/21751","targetHints":{"allow":["GET"]}}],"collection":[{"href":"https:\/\/df-nyt.dk\/blog\/wp-json\/wp\/v2\/posts"}],"about":[{"href":"https:\/\/df-nyt.dk\/blog\/wp-json\/wp\/v2\/types\/post"}],"author":[{"embeddable":true,"href":"https:\/\/df-nyt.dk\/blog\/wp-json\/wp\/v2\/users\/10"}],"replies":[{"embeddable":true,"href":"https:\/\/df-nyt.dk\/blog\/wp-json\/wp\/v2\/comments?post=21751"}],"version-history":[{"count":0,"href":"https:\/\/df-nyt.dk\/blog\/wp-json\/wp\/v2\/posts\/21751\/revisions"}],"wp:attachment":[{"href":"https:\/\/df-nyt.dk\/blog\/wp-json\/wp\/v2\/media?parent=21751"}],"wp:term":[{"taxonomy":"category","embeddable":true,"href":"https:\/\/df-nyt.dk\/blog\/wp-json\/wp\/v2\/categories?post=21751"},{"taxonomy":"post_tag","embeddable":true,"href":"https:\/\/df-nyt.dk\/blog\/wp-json\/wp\/v2\/tags?post=21751"}],"curies":[{"name":"wp","href":"https:\/\/api.w.org\/{rel}","templated":true}]}}