{"id":21932,"date":"2011-05-23T10:20:13","date_gmt":"2011-05-23T09:20:13","guid":{"rendered":"http:\/\/df-nyt.dk\/?p=21932"},"modified":"2016-01-10T14:21:31","modified_gmt":"2016-01-10T13:21:31","slug":"p77-soren-pinds-fornemmelse-for-kvinder","status":"publish","type":"post","link":"https:\/\/df-nyt.dk\/blog\/p77-soren-pinds-fornemmelse-for-kvinder\/","title":{"rendered":"P77: S\u00f8ren Pinds fornemmelse for kvinder"},"content":{"rendered":"<p><strong>P77: S\u00f8ren Pinds fornemmelse for kvinder<\/strong><\/p>\n<p><strong><a href=\"https:\/\/df-nyt.dk\/blog\/wp-content\/uploads\/230520111117.png\"><img loading=\"lazy\" decoding=\"async\" class=\"alignleft size-full wp-image-21933\" title=\"230520111117\" src=\"https:\/\/df-nyt.dk\/blog\/wp-content\/uploads\/230520111117.png\" alt=\"\" width=\"285\" height=\"217\" \/><\/a><\/strong><\/p>\n<p><strong>Er Integrationsminister S\u00f8ren Pind den rette til at redde kvinder fra form\u00f8rket mandschauvinisme?<\/strong><\/p>\n<p>N\u00e6ppe if\u00f8lge mig.<\/p>\n<p>I sidste uge kunne man i landets aviser l\u00e6se, at den nye Integrationsminister S\u00f8ren Pind, sammen med Dansk Folkeparti \u00f8nsker at s\u00f8s\u00e6tte en ny kampagne der skal redde kvinderne, fra visse muslimske m\u00e6nds kvindeundertrykkende herskersyn.<\/p>\n<p>Jeg som kvinde syntes det er en fantastisk ide at informere unge kvinder, om at der i Danmark g\u00e5r m\u00e6nd rundt, der er nogen ualmindeligt dumme svin.<\/p>\n<p>M\u00e6nd der mener at de har ret til at undertrykke kvinder af religi\u00f8se grunde og til at diskriminere kvinder blot fordi de jo er kvinder og ikke m\u00e6nd og dermed mindre egnet til at tage h\u00e5nd om visse opgaver her i livet.<\/p>\n<p>For at give alle mine meds\u00f8stre en hj\u00e6lpende h\u00e5nd, s\u00e5 de hurtigt kan vige uden om de mest mandschauvinistiske m\u00e6nd.<\/p>\n<p>Har jeg lavet en lille nyttig oplysningskampagne.<\/p>\n<p>Den handler om vores Integrationsministers eget syn p\u00e5 kvinder og ligestilling imellem m\u00e6nd og kvinder.<\/p>\n<p>S\u00f8ren Pind burde nemlig ikke kaste med sten n\u00e5r han selv boer i et glashus, eller m\u00e5ske mere et reaktion\u00e6rt mandschauvinistisk elfenbenst\u00e5rn?<\/p>\n<p>F\u00f8lgende kunne man l\u00e6se i en artikel fra Informationen 29 juni 2008.<\/p>\n<p>En artikel hvor i S\u00f8ren Pind folder sit mandschauvinistiske kvindesyn ud.<\/p>\n<p>Skal manden k\u00f8re bilen?<\/p>\n<p>&#8220;Ja, for manden har 10 gange mere behov for at have kontrol over de situationer, der kan opst\u00e5 i den forbindelse.<\/p>\n<p>Hellere leve med at kvinden sidder p\u00e5 bags\u00e6det og r\u00e5ber &#8220;drej til venstre&#8221;, end at l\u00e6gge sit liv i hendes h\u00e6nder.<\/p>\n<p>Det handler ikke om hvem der er bedst, men om et stort behov for at have ansvaret.&#8221; Citat S\u00f8ren Pind Informationen 2009.<\/p>\n<p>Javel t\u00e6nker jeg: men er det ikke pr\u00e6cis de samme argumenter der f\u00e5r muslimske m\u00e6nd i SaudiArabien til at n\u00e6gte kvinderne at k\u00f8re bilen?<\/p>\n<p>De siger osse at det handler om at m\u00e6nd er skabt til at have bukserne p\u00e5 dvs. til at have magt og kontrol.<\/p>\n<p>Og ligesom de reaktion\u00e6re Saudier, har S\u00f8ren Pind \u00e5benbart hellere ikke tiltro til at kvinder er i stand til at passe p\u00e5 menneskeliv.<\/p>\n<p>Man f\u00e5r en mistanke om at hvis S\u00f8ren Pind blev syg, s\u00e5 ville han kr\u00e6ve at blive tilset af en mand og ikke af en kvinde.<\/p>\n<p>For man kan jo aldrig vide om en kvindelig l\u00e6ge m\u00e5ske kom til at tage livet af en- kvinder er jo ikke i stand til at handle liges\u00e5 fornuftigt som m\u00e6nd.<\/p>\n<p>Er der nogen som ved om S\u00f8ren Pinds l\u00e6ge er mand eller kvinde?<\/p>\n<p><strong>Skriver Margrethe S. Hansen p\u00e5 Netmediet P77 -&gt; <span style=\"text-decoration: underline;\"><a href=\"http:\/\/p77.dk\/blogs\/shansen\/511-soren-pinds-fornemmelse-for-kvinder\">Du kan l\u00e6se mere HER<\/a><\/span><\/strong><\/p>\n<p><strong>L\u00e6s ogs\u00e5:<\/strong><\/p>\n<p><span style=\"text-decoration: underline;\"><strong><a href=\"http:\/\/df-nyt.dk\/?p=17811\">Det vrimler med S\u00f8ren Pind kloner p\u00e5 Facebook <\/a><\/strong><\/span><\/p>\n<p><strong>**************************************************************<\/strong><\/p>\n","protected":false},"excerpt":{"rendered":"<p>P77: S\u00f8ren Pinds fornemmelse for kvinder Er Integrationsminister S\u00f8ren Pind den rette til at redde kvinder fra form\u00f8rket mandschauvinisme? N\u00e6ppe if\u00f8lge mig. I sidste uge kunne man i landets aviser l\u00e6se, at den nye Integrationsminister S\u00f8ren Pind, sammen med Dansk Folkeparti \u00f8nsker at s\u00f8s\u00e6tte en ny kampagne der skal redde kvinderne, fra visse muslimske m\u00e6nds [&hellip;]<\/p>\n","protected":false},"author":10,"featured_media":0,"comment_status":"open","ping_status":"closed","sticky":false,"template":"","format":"standard","meta":{"footnotes":""},"categories":[1],"tags":[],"class_list":["post-21932","post","type-post","status-publish","format-standard","hentry","category-df-nyt-dk"],"_links":{"self":[{"href":"https:\/\/df-nyt.dk\/blog\/wp-json\/wp\/v2\/posts\/21932","targetHints":{"allow":["GET"]}}],"collection":[{"href":"https:\/\/df-nyt.dk\/blog\/wp-json\/wp\/v2\/posts"}],"about":[{"href":"https:\/\/df-nyt.dk\/blog\/wp-json\/wp\/v2\/types\/post"}],"author":[{"embeddable":true,"href":"https:\/\/df-nyt.dk\/blog\/wp-json\/wp\/v2\/users\/10"}],"replies":[{"embeddable":true,"href":"https:\/\/df-nyt.dk\/blog\/wp-json\/wp\/v2\/comments?post=21932"}],"version-history":[{"count":0,"href":"https:\/\/df-nyt.dk\/blog\/wp-json\/wp\/v2\/posts\/21932\/revisions"}],"wp:attachment":[{"href":"https:\/\/df-nyt.dk\/blog\/wp-json\/wp\/v2\/media?parent=21932"}],"wp:term":[{"taxonomy":"category","embeddable":true,"href":"https:\/\/df-nyt.dk\/blog\/wp-json\/wp\/v2\/categories?post=21932"},{"taxonomy":"post_tag","embeddable":true,"href":"https:\/\/df-nyt.dk\/blog\/wp-json\/wp\/v2\/tags?post=21932"}],"curies":[{"name":"wp","href":"https:\/\/api.w.org\/{rel}","templated":true}]}}