{"id":22001,"date":"2011-05-24T11:02:42","date_gmt":"2011-05-24T10:02:42","guid":{"rendered":"http:\/\/df-nyt.dk\/?p=22001"},"modified":"2025-07-11T16:17:05","modified_gmt":"2025-07-11T14:17:05","slug":"r-hellere-lavere-skat-pa-arbejde-end-lavere-selskabsskat","status":"publish","type":"post","link":"https:\/\/df-nyt.dk\/blog\/r-hellere-lavere-skat-pa-arbejde-end-lavere-selskabsskat\/","title":{"rendered":"R: Hellere lavere skat p\u00e5 arbejde end lavere selskabsskat"},"content":{"rendered":"<p>RADIKALE VENSTRE<br \/>\nPressemeddelelser<br \/>\nR: Hellere lavere skat p\u00e5 arbejde end lavere selskabsskat<br \/>\nPressetjenesten 24-maj-2011 11:38<br \/>\nRegeringen bedyrer i dag, at selskabsskatten skal s\u00e6nkes fra 25 procent til 20 procent.<\/p>\n<p>Men det ville v\u00e6re meget bedre i overensstemmelse med erhvervslivets \u00f8nsker, hvis man s\u00e6nkede indkomstskatten og afskaffede regeringens iv\u00e6rks\u00e6tterskat, mener Radikale Venstres finansordf\u00f8rer Morten \u00d8stergaard.<\/p>\n<p>&#8220;N\u00e5r regeringen vil s\u00e6nke selskabsskatten, s\u00e5 er det fordi, de gerne vil st\u00f8tte de klassiske dele af erhvervslivet:<\/p>\n<p>De store virksomheder med k\u00e6mpe overskud som allerede er etableret i Danmark.<\/p>\n<p>Men det, samfundet i virkeligheden har brug for, er, at det bliver mere attraktivt at investere i nye virksomheder.<\/p>\n<p>Derfor skal vi s\u00e6nke den nuv\u00e6rende erhvervsst\u00f8tte og i stedet bruge pengene til at fjerne regeringens iv\u00e6rks\u00e6tterskat og give nye virksomheder mulighed for at fradrage deres udgifter til forskning og udvikling,&#8221; siger Morten \u00d8stergaard.<\/p>\n<p>Derudover mener han, at man skal lytte til erhvervslivet, n\u00e5r de eftersp\u00f8rger lavere indkomstskat:<\/p>\n<p>&#8220;Det er langt vigtigere, at vi f\u00e5r s\u00e6nket skatten p\u00e5 arbejde i stedet for at give lettelser i selskabsskatten.<\/p>\n<p>Det er det, som erhvervslivet har brug for.<br \/>\nDet er det, som kan fastholde produktionsarbejdspladser i Danmark,&#8221; siger Morten \u00d8stergaard.,&#8221; siger Morten \u00d8stergaard.<\/p>\n<p>Yderligere kommentarer: Morten \u00d8stergaard, rvmors@ft.dk<\/p>\n<p>Radikale Venstre<br \/>\nChristiansborg 1240 K\u00f8benhavn K<br \/>\nTelefon 33 37 47 47<br \/>\nFax 33 13 72 51<br \/>\nradikale@radikale.dk<br \/>\n\/\/www.radikale.dk\/  \/\/www.radikale.dk<\/p>\n","protected":false},"excerpt":{"rendered":"<p>RADIKALE VENSTRE Pressemeddelelser R: Hellere lavere skat p\u00e5 arbejde end lavere selskabsskat Pressetjenesten 24-maj-2011 11:38 Regeringen bedyrer i dag, at selskabsskatten skal s\u00e6nkes fra 25 procent til 20 procent. Men det ville v\u00e6re meget bedre i overensstemmelse med erhvervslivets \u00f8nsker, hvis man s\u00e6nkede indkomstskatten og afskaffede regeringens iv\u00e6rks\u00e6tterskat, mener Radikale Venstres finansordf\u00f8rer Morten \u00d8stergaard. &#8220;N\u00e5r [&hellip;]<\/p>\n","protected":false},"author":10,"featured_media":0,"comment_status":"open","ping_status":"closed","sticky":false,"template":"","format":"standard","meta":{"footnotes":""},"categories":[1],"tags":[],"class_list":["post-22001","post","type-post","status-publish","format-standard","hentry","category-df-nyt-dk"],"_links":{"self":[{"href":"https:\/\/df-nyt.dk\/blog\/wp-json\/wp\/v2\/posts\/22001","targetHints":{"allow":["GET"]}}],"collection":[{"href":"https:\/\/df-nyt.dk\/blog\/wp-json\/wp\/v2\/posts"}],"about":[{"href":"https:\/\/df-nyt.dk\/blog\/wp-json\/wp\/v2\/types\/post"}],"author":[{"embeddable":true,"href":"https:\/\/df-nyt.dk\/blog\/wp-json\/wp\/v2\/users\/10"}],"replies":[{"embeddable":true,"href":"https:\/\/df-nyt.dk\/blog\/wp-json\/wp\/v2\/comments?post=22001"}],"version-history":[{"count":3,"href":"https:\/\/df-nyt.dk\/blog\/wp-json\/wp\/v2\/posts\/22001\/revisions"}],"predecessor-version":[{"id":108927,"href":"https:\/\/df-nyt.dk\/blog\/wp-json\/wp\/v2\/posts\/22001\/revisions\/108927"}],"wp:attachment":[{"href":"https:\/\/df-nyt.dk\/blog\/wp-json\/wp\/v2\/media?parent=22001"}],"wp:term":[{"taxonomy":"category","embeddable":true,"href":"https:\/\/df-nyt.dk\/blog\/wp-json\/wp\/v2\/categories?post=22001"},{"taxonomy":"post_tag","embeddable":true,"href":"https:\/\/df-nyt.dk\/blog\/wp-json\/wp\/v2\/tags?post=22001"}],"curies":[{"name":"wp","href":"https:\/\/api.w.org\/{rel}","templated":true}]}}