{"id":22181,"date":"2011-05-26T19:59:34","date_gmt":"2011-05-26T18:59:34","guid":{"rendered":"http:\/\/df-nyt.dk\/?p=22181"},"modified":"2026-01-17T15:30:32","modified_gmt":"2026-01-17T14:30:32","slug":"r-glaede-over-anholdelsen-af-mladic","status":"publish","type":"post","link":"https:\/\/df-nyt.dk\/blog\/r-glaede-over-anholdelsen-af-mladic\/","title":{"rendered":"R: Gl\u00e6de over anholdelsen af Mladic"},"content":{"rendered":"<p><img loading=\"lazy\" decoding=\"async\" class=\"size-full alignleft\" title=\"070920101305\" src=\"https:\/\/df-nyt.dk\/blog\/wp-content\/uploads\/070920101305.png\" alt=\"\" width=\"136\" height=\"155\" \/><br \/>\nPressemeddelelse<br \/>\nR: Gl\u00e6de over anholdelsen af Ratko Mladic<br \/>\n26-maj-2011 20:45 (Modtaget pr. E-mail)<br \/>\nTidligere torsdag kom det frem, at Ratko Mladic var blevet p\u00e5grebet.<\/p>\n<p>Mladic mist\u00e6nkes for at v\u00e6re en af hovedbagm\u00e6ndene for drabet p\u00e5 over 8.000 mennesker i Srebrenica.<\/p>\n<p>Radikale Venstres udenrigsordf\u00f8rer, Niels Helveg Petersen, gl\u00e6der sig over, at Mladic nu kan retsforf\u00f8lges.<\/p>\n<p>Helveg Petersen fremh\u00e6ver desuden, at Serbien nu har ryddet en sten af vejen til et EU-medlemskab.<\/p>\n<p>Det er gl\u00e6deligt, at Ratko Mladic nu kan retsforf\u00f8lges og st\u00e5 til ansvar for de forbrydelser, som foregik under Balkan-krigen.<\/p>\n<p>Han var en af de sidste hovedansvarlige for den st\u00f8rste massakre i efterkrigstidens Europa, hvor over 8.000 mennesker i Srebrenica blev dr\u00e6bt.<\/p>\n<p>&#8220;Anholdelsen af Mladic styrker retssikkerheden i det internationale samfund,&#8221; siger Niels Helveg Petersen.<\/p>\n<p>Et andet vigtigt element er, at en sten er ryddet af vejen i Serbiens forhandlinger med EU om et medlemskab.<\/p>\n<p>Landet har stadig betydelige udfordringer, inden de kan kalde sig medlem af EU, men det her er et skridt i den rigtige retning.<\/p>\n<p>Det er et vigtigt led i at normalisere forholdet til de andre EU-lande.<\/p>\n<p>Ikke bare for Serbien, men for hele regionen,&#8221; siger Niels Helveg Petersen.<\/p>\n<p>L\u00e6s mere p\u00e5: \/\/.radikale.dk\/<br \/>\n*******************<\/p>\n<p>Se ogs\u00e5 <a href=\"http:\/\/df-nyt.dk\/?p=22120\" target=\"_blank\" rel=\"noopener\"><span style=\"text-decoration: underline;\">Ratko Mladic p\u00e5 vej til krigsforbryderdomstolen i Haag<\/span><\/a><br \/>\n************** <\/p>\n","protected":false},"excerpt":{"rendered":"<p>Pressemeddelelse R: Gl\u00e6de over anholdelsen af Ratko Mladic 26-maj-2011 20:45 (Modtaget pr. E-mail) Tidligere torsdag kom det frem, at Ratko Mladic var blevet p\u00e5grebet. Mladic mist\u00e6nkes for at v\u00e6re en af hovedbagm\u00e6ndene for drabet p\u00e5 over 8.000 mennesker i Srebrenica. Radikale Venstres udenrigsordf\u00f8rer, Niels Helveg Petersen, gl\u00e6der sig over, at Mladic nu kan retsforf\u00f8lges. Helveg [&hellip;]<\/p>\n","protected":false},"author":10,"featured_media":0,"comment_status":"open","ping_status":"closed","sticky":false,"template":"","format":"standard","meta":{"footnotes":""},"categories":[1],"tags":[],"class_list":["post-22181","post","type-post","status-publish","format-standard","hentry","category-df-nyt-dk"],"_links":{"self":[{"href":"https:\/\/df-nyt.dk\/blog\/wp-json\/wp\/v2\/posts\/22181","targetHints":{"allow":["GET"]}}],"collection":[{"href":"https:\/\/df-nyt.dk\/blog\/wp-json\/wp\/v2\/posts"}],"about":[{"href":"https:\/\/df-nyt.dk\/blog\/wp-json\/wp\/v2\/types\/post"}],"author":[{"embeddable":true,"href":"https:\/\/df-nyt.dk\/blog\/wp-json\/wp\/v2\/users\/10"}],"replies":[{"embeddable":true,"href":"https:\/\/df-nyt.dk\/blog\/wp-json\/wp\/v2\/comments?post=22181"}],"version-history":[{"count":4,"href":"https:\/\/df-nyt.dk\/blog\/wp-json\/wp\/v2\/posts\/22181\/revisions"}],"predecessor-version":[{"id":111394,"href":"https:\/\/df-nyt.dk\/blog\/wp-json\/wp\/v2\/posts\/22181\/revisions\/111394"}],"wp:attachment":[{"href":"https:\/\/df-nyt.dk\/blog\/wp-json\/wp\/v2\/media?parent=22181"}],"wp:term":[{"taxonomy":"category","embeddable":true,"href":"https:\/\/df-nyt.dk\/blog\/wp-json\/wp\/v2\/categories?post=22181"},{"taxonomy":"post_tag","embeddable":true,"href":"https:\/\/df-nyt.dk\/blog\/wp-json\/wp\/v2\/tags?post=22181"}],"curies":[{"name":"wp","href":"https:\/\/api.w.org\/{rel}","templated":true}]}}