{"id":22352,"date":"2011-05-30T15:02:05","date_gmt":"2011-05-30T14:02:05","guid":{"rendered":"http:\/\/df-nyt.dk\/?p=22352"},"modified":"2024-11-09T05:18:05","modified_gmt":"2024-11-09T04:18:05","slug":"spaniens-protester-fortsaetter","status":"publish","type":"post","link":"https:\/\/df-nyt.dk\/blog\/spaniens-protester-fortsaetter\/","title":{"rendered":"Spaniens protester forts\u00e6tter"},"content":{"rendered":"<p>F\u00f8r den brutale politiaktion i Barcelona var spanierne utilfredse<br \/>\nNu er de tilbage -og sure.<\/p>\n<p>De spanske protester mod arbejdsl\u00f8shed og fattigdom<br \/>\n &#8211; skabt af social ulighed, er ikke stoppet.<\/p>\n<p><img loading=\"lazy\" decoding=\"async\" class=\"  alignnone\" src=\"https:\/\/df-nyt.dk\/wp-content\/uploads\/300520111552.png\" alt=\"\" width=\"400\" height=\"235\" \/><\/p>\n<p>Tusindvis af demonstranter gik p\u00e5 gaden natten til mandag,<br \/>\n i Madrid og p\u00e5 Puerta del Sol.<\/p>\n<p><iframe loading=\"lazy\" src=\"\/\/players.brightcove.net\/55814260001\/rkDAq3Wf_default\/index.html?videoId=966789878001\" width=\"400\" height=\"250\"><\/iframe><\/p>\n<p>I andre byer m\u00f8dtes beboerne i protestlejre.<br \/>\nI Madrid havde konservative politikere og ejere af butikker i n\u00e6rheden af lejren anmodet om, at politiet skulle rydde pladsen.<\/p>\n<p>Indenrigsminister Alfredo Perez Rubalcaba meddelte, at han ville tage et m\u00f8de med politiet og derefter tr\u00e6ffe en beslutning om en eventuel rydning.<\/p>\n<p>I Barcelona, havde politiet fors\u00f8gt, fredag at rydde protestlejren p\u00e5 Plaza de Cataluna.<br \/>\nDet satte gang i en ny tilstr\u00f8mning af demonstranter sympatis\u00f8rer.<\/p>\n<p>Lejrens beboerne i Barcelona har ogs\u00e5 besluttet at forts\u00e6tte deres protestaktioner.<\/p>\n<p>Protesterne blev oprindeligt igangsat af overvejende unge mennesker, som nu har f\u00e5et flere befolkningsgrupper, s\u00e5som pensionister og de mange arbejdsl\u00f8se til at slutte sig til dem.<\/p>\n<p>Protesterne er hovedsageligt rettet mod de h\u00f8je arbejdsl\u00f8shedstal,<br \/>\nvalgloven og mod stigende &#8220;korruption&#8221; blandt politikkerne.<\/p>\n<p>Referance,<br \/>\nHjemmesiden \/\/abc.es \/20110529\/espana\/abci-indignados-puerta-201105292143<br \/>\nHjemmesiden \/\/derstandard.at \/1304553161784\/Puerta-del-Sol-Spaniens-Jugend-protestiert-weiter<br \/>\nHjemmesiden \/\/abc.es\/videos-espana \/20110530\/indignados-puerta-966789878001<\/p>\n<p>Der har v\u00e6ret sympati-demonstrationer overalt i Europas storbyer,<br \/>\nogs\u00e5 i K\u00f8benhavn, i g\u00e5r den 29.05.11 &#8211; 2011<\/p>\n<p>For yderlig l\u00e6sning<\/p>\n<p><a href=\"https:\/\/df-nyt.dk\/?p=22255\/\" target=\"_blank\" rel=\"noopener noreferrer\"><span style=\"text-decoration: underline;\">Landsd\u00e6kkende protester mod brutal politiaktion i Barcelona<\/span><\/a><br \/>\n&nbsp;<br \/>\n<a href=\"https:\/\/df-nyt.dk\/blog\/modpress-mere-om-oproret-i-spanien\/\" target=\"_blank\" rel=\"noopener noreferrer\"><span style=\"text-decoration: underline;\">Modpress: Mere om opr\u00f8ret i Spanien<\/span><\/a><\/p>\n","protected":false},"excerpt":{"rendered":"<p>F\u00f8r den brutale politiaktion i Barcelona var spanierne utilfredse Nu er de tilbage -og sure. De spanske protester mod arbejdsl\u00f8shed og fattigdom &#8211; skabt af social ulighed, er ikke stoppet. Tusindvis af demonstranter gik p\u00e5 gaden natten til mandag, i Madrid og p\u00e5 Puerta del Sol. I andre byer m\u00f8dtes beboerne i protestlejre. I Madrid [&hellip;]<\/p>\n","protected":false},"author":10,"featured_media":0,"comment_status":"open","ping_status":"closed","sticky":false,"template":"","format":"standard","meta":{"footnotes":""},"categories":[1],"tags":[],"class_list":["post-22352","post","type-post","status-publish","format-standard","hentry","category-df-nyt-dk"],"_links":{"self":[{"href":"https:\/\/df-nyt.dk\/blog\/wp-json\/wp\/v2\/posts\/22352","targetHints":{"allow":["GET"]}}],"collection":[{"href":"https:\/\/df-nyt.dk\/blog\/wp-json\/wp\/v2\/posts"}],"about":[{"href":"https:\/\/df-nyt.dk\/blog\/wp-json\/wp\/v2\/types\/post"}],"author":[{"embeddable":true,"href":"https:\/\/df-nyt.dk\/blog\/wp-json\/wp\/v2\/users\/10"}],"replies":[{"embeddable":true,"href":"https:\/\/df-nyt.dk\/blog\/wp-json\/wp\/v2\/comments?post=22352"}],"version-history":[{"count":1,"href":"https:\/\/df-nyt.dk\/blog\/wp-json\/wp\/v2\/posts\/22352\/revisions"}],"predecessor-version":[{"id":106594,"href":"https:\/\/df-nyt.dk\/blog\/wp-json\/wp\/v2\/posts\/22352\/revisions\/106594"}],"wp:attachment":[{"href":"https:\/\/df-nyt.dk\/blog\/wp-json\/wp\/v2\/media?parent=22352"}],"wp:term":[{"taxonomy":"category","embeddable":true,"href":"https:\/\/df-nyt.dk\/blog\/wp-json\/wp\/v2\/categories?post=22352"},{"taxonomy":"post_tag","embeddable":true,"href":"https:\/\/df-nyt.dk\/blog\/wp-json\/wp\/v2\/tags?post=22352"}],"curies":[{"name":"wp","href":"https:\/\/api.w.org\/{rel}","templated":true}]}}