{"id":22457,"date":"2011-06-01T09:16:12","date_gmt":"2011-06-01T08:16:12","guid":{"rendered":"http:\/\/df-nyt.dk\/?p=22457"},"modified":"2024-09-17T17:13:48","modified_gmt":"2024-09-17T15:13:48","slug":"stigende-frygt-for-nye-atom-eksplosioner-pa-fukushima-atomkraftvaerket","status":"publish","type":"post","link":"https:\/\/df-nyt.dk\/blog\/stigende-frygt-for-nye-atom-eksplosioner-pa-fukushima-atomkraftvaerket\/","title":{"rendered":"Stigende frygt for nye atom-eksplosioner p\u00e5 Fukushima-atomkraftv\u00e6rket"},"content":{"rendered":"<p><img loading=\"lazy\" decoding=\"async\" class=\"size-thumbnail alignleft\" title=\"130420111356\" src=\"https:\/\/df-nyt.dk\/wp-content\/uploads\/130420111356.png\" alt=\"\" width=\"150\" height=\"150\" \/><\/p>\n<p>Tisdag var der en st\u00f8rre eksplosion ved reaktor fire p\u00e5 v\u00e6rket.<br \/>\nDet var antagelig en gastank som eksploderede.<\/p>\n<p>Senere p\u00e5 dagen opdagede ansatte olieudslip i havet ved reaktor fem og seks, som begge fik store skader, da den store tsunamib\u00f8lge i marts \u00f8delagde nedk\u00f8lingssystemet.<\/p>\n<p>Det oplyser Tepco, selskabet bag v\u00e6rket, if\u00f8lge jp.<br \/>\nSent tirsdag, oplyste Tepco at eksplosionen ikke har f\u00f8rt til l\u00e6kage og yderlig radioaktiv str\u00e5ling.<\/p>\n<p>Det var efter alt at d\u00f8mme en gascontainer, der eksploderede, men det f\u00f8rte ikke til radioaktiv l\u00e6kage, siger Taichi Okazaki, som er talsmand for Tepco.<\/p>\n<p>Selskabet har nu iv\u00e6rksat en unders\u00f8gelse, der skal fastsl\u00e5 \u00e5rsagen til eksplosionen.<br \/>\nReaktor to og tre, som er h\u00e5rdest ramt, er flere br\u00e6ndselsstave tilsyneladende smeltet ned og det skaber begrundet frygt for nye st\u00f8rre atom-eksplosioner.<\/p>\n<p>Flere forskere og videnskabsm\u00e6nd har advaret mod, at reaktorerne kan v\u00e6re t\u00e6t p\u00e5 en fuldst\u00e6ndig nedsmeltning. Mandag oplyste Tepco, at to medarbejdere er blevet p\u00e5virket af for store doser radioaktiv str\u00e5ling.<\/p>\n<p>Reference<br \/>\n\/\/jp.dk \/udland\/asien\/article2449499.<\/p>\n<p>For yderlig l\u00e6sning<\/p>\n<p><a href=\"https:\/\/df-nyt.dk\/?p=22097\" target=\"_blank\" rel=\"noopener noreferrer\"><span style=\"text-decoration: underline\">Atomkatastrofen p\u00e5 Fukushima udvikler sig stadig<\/span><\/a><\/p>\n<p><a href=\"https:\/\/df-nyt.dk\/?p=19639\" target=\"_blank\" rel=\"noopener noreferrer\"><span style=\"text-decoration: underline\">Kendt A-Kraft-tilh\u00e6nger st\u00f8tter Kenneth Kristensen Berth i valgkampen<\/span><\/a><\/p>\n<p><a href=\"https:\/\/df-nyt.dk\/?p=22246\" target=\"_blank\" rel=\"noopener noreferrer\"><span style=\"text-decoration: underline\">De fleste danske politikere vender sig st\u00e6rk mod atomkraft \u2013 Men der er undtagelser<\/span><\/a><\/p>\n<p>Morten Messerschmidt fra Dansk Folkeparti mener, at n\u00e5r s\u00e5 relativt mange stadig er imod atomkraft, s\u00e5 skyldes det, &#8211; at det er en irrationel og f\u00f8lelsesm\u00e6ssig argumentation, der styrer debatten.<br \/>\n<img loading=\"lazy\" decoding=\"async\" class=\" size-medium alignnone\" title=\"240420112210\" src=\"https:\/\/df-nyt.dk\/wp-content\/uploads\/240420112210.png\" alt=\"\" width=\"400\" height=\"78\" \/><br \/>\n&nbsp;<\/p>\n","protected":false},"excerpt":{"rendered":"<p>Tisdag var der en st\u00f8rre eksplosion ved reaktor fire p\u00e5 v\u00e6rket. Det var antagelig en gastank som eksploderede. Senere p\u00e5 dagen opdagede ansatte olieudslip i havet ved reaktor fem og seks, som begge fik store skader, da den store tsunamib\u00f8lge i marts \u00f8delagde nedk\u00f8lingssystemet. Det oplyser Tepco, selskabet bag v\u00e6rket, if\u00f8lge jp. Sent tirsdag, oplyste [&hellip;]<\/p>\n","protected":false},"author":10,"featured_media":0,"comment_status":"open","ping_status":"closed","sticky":false,"template":"","format":"standard","meta":{"footnotes":""},"categories":[1],"tags":[],"class_list":["post-22457","post","type-post","status-publish","format-standard","hentry","category-df-nyt-dk"],"_links":{"self":[{"href":"https:\/\/df-nyt.dk\/blog\/wp-json\/wp\/v2\/posts\/22457","targetHints":{"allow":["GET"]}}],"collection":[{"href":"https:\/\/df-nyt.dk\/blog\/wp-json\/wp\/v2\/posts"}],"about":[{"href":"https:\/\/df-nyt.dk\/blog\/wp-json\/wp\/v2\/types\/post"}],"author":[{"embeddable":true,"href":"https:\/\/df-nyt.dk\/blog\/wp-json\/wp\/v2\/users\/10"}],"replies":[{"embeddable":true,"href":"https:\/\/df-nyt.dk\/blog\/wp-json\/wp\/v2\/comments?post=22457"}],"version-history":[{"count":2,"href":"https:\/\/df-nyt.dk\/blog\/wp-json\/wp\/v2\/posts\/22457\/revisions"}],"predecessor-version":[{"id":104559,"href":"https:\/\/df-nyt.dk\/blog\/wp-json\/wp\/v2\/posts\/22457\/revisions\/104559"}],"wp:attachment":[{"href":"https:\/\/df-nyt.dk\/blog\/wp-json\/wp\/v2\/media?parent=22457"}],"wp:term":[{"taxonomy":"category","embeddable":true,"href":"https:\/\/df-nyt.dk\/blog\/wp-json\/wp\/v2\/categories?post=22457"},{"taxonomy":"post_tag","embeddable":true,"href":"https:\/\/df-nyt.dk\/blog\/wp-json\/wp\/v2\/tags?post=22457"}],"curies":[{"name":"wp","href":"https:\/\/api.w.org\/{rel}","templated":true}]}}