{"id":22470,"date":"2011-06-01T10:39:58","date_gmt":"2011-06-01T09:39:58","guid":{"rendered":"http:\/\/df-nyt.dk\/?p=22470"},"modified":"2017-11-05T20:01:54","modified_gmt":"2017-11-05T19:01:54","slug":"df-haner-arbejderne","status":"publish","type":"post","link":"https:\/\/df-nyt.dk\/blog\/df-haner-arbejderne\/","title":{"rendered":"Dansk Folkeparti h\u00e5ner arbejderne"},"content":{"rendered":"<p><strong><a href=\"https:\/\/df-nyt.dk\/blog\/wp-content\/uploads\/010620111134.png\"><img loading=\"lazy\" decoding=\"async\" class=\"alignleft size-full wp-image-22471\" title=\"010620111134\" src=\"https:\/\/df-nyt.dk\/blog\/wp-content\/uploads\/010620111134.png\" alt=\"\" width=\"287\" height=\"143\" \/><\/a><\/strong><\/p>\n<p>Dansk Folkeparti h\u00e5ner arbejderne<\/p>\n<p>EU har l\u00e6nge presset p\u00e5 for fjernelse af efterl\u00f8n og forh\u00f8jelse af pensionsalderen herhjemme.<\/p>\n<p>L\u00e6serbrev i BT<br \/>\nTorsdag 26. maj 2011.<br \/>\naf Irene Clausen K\u00f8benhavn SV<\/p>\n<p>Nu har EU-modstanderne i DF s\u00e5 fulgt EUs krav og v\u00e6ret med til at kastrere efterl\u00f8nnen og s\u00e6tte pensionsalderen op.<\/p>\n<p>DF har dermed frataget \u00e6ldre arbejdere den efterl\u00f8n, som skulle v\u00e6re en v\u00e6rdig afslutning p\u00e5 et langt og slidsomt arbejdsliv.<\/p>\n<p>I stedet skal de nu arbejde flere \u00e5r l\u00e6ngere eller gennemg\u00e5 en ydmygende sagsbehandling i fors\u00f8g p\u00e5 at f\u00e5 tildelt senior-f\u00f8rtidspension.<\/p>\n<p>DF har til geng\u00e6ld f\u00e5et nogle symbolske skildvagter ved Danmarks gr\u00e6nser mod syd.<\/p>\n<p>Hele sagen er en h\u00e5n mod de arbejdere, som DF h\u00e6vder at forsvare<\/p>\n<p><strong>For yderlig l\u00e6sning<\/strong><\/p>\n<p><a href=\"http:\/\/df-nyt.dk\/?p=21308\"><span style=\"text-decoration: underline;\"><strong>Ekstrabladet: \u2018Pia Kj\u00e6rsgaard fuld af l\u00f8gn\u2019 <\/strong><\/span><\/a><\/p>\n<p>&nbsp;<\/p>\n","protected":false},"excerpt":{"rendered":"<p>Dansk Folkeparti h\u00e5ner arbejderne EU har l\u00e6nge presset p\u00e5 for fjernelse af efterl\u00f8n og forh\u00f8jelse af pensionsalderen herhjemme. L\u00e6serbrev i BT Torsdag 26. maj 2011. af Irene Clausen K\u00f8benhavn SV Nu har EU-modstanderne i DF s\u00e5 fulgt EUs krav og v\u00e6ret med til at kastrere efterl\u00f8nnen og s\u00e6tte pensionsalderen op. DF har dermed frataget \u00e6ldre [&hellip;]<\/p>\n","protected":false},"author":10,"featured_media":0,"comment_status":"open","ping_status":"closed","sticky":false,"template":"","format":"standard","meta":{"footnotes":""},"categories":[1],"tags":[],"class_list":["post-22470","post","type-post","status-publish","format-standard","hentry","category-df-nyt-dk"],"_links":{"self":[{"href":"https:\/\/df-nyt.dk\/blog\/wp-json\/wp\/v2\/posts\/22470","targetHints":{"allow":["GET"]}}],"collection":[{"href":"https:\/\/df-nyt.dk\/blog\/wp-json\/wp\/v2\/posts"}],"about":[{"href":"https:\/\/df-nyt.dk\/blog\/wp-json\/wp\/v2\/types\/post"}],"author":[{"embeddable":true,"href":"https:\/\/df-nyt.dk\/blog\/wp-json\/wp\/v2\/users\/10"}],"replies":[{"embeddable":true,"href":"https:\/\/df-nyt.dk\/blog\/wp-json\/wp\/v2\/comments?post=22470"}],"version-history":[{"count":0,"href":"https:\/\/df-nyt.dk\/blog\/wp-json\/wp\/v2\/posts\/22470\/revisions"}],"wp:attachment":[{"href":"https:\/\/df-nyt.dk\/blog\/wp-json\/wp\/v2\/media?parent=22470"}],"wp:term":[{"taxonomy":"category","embeddable":true,"href":"https:\/\/df-nyt.dk\/blog\/wp-json\/wp\/v2\/categories?post=22470"},{"taxonomy":"post_tag","embeddable":true,"href":"https:\/\/df-nyt.dk\/blog\/wp-json\/wp\/v2\/tags?post=22470"}],"curies":[{"name":"wp","href":"https:\/\/api.w.org\/{rel}","templated":true}]}}