{"id":22549,"date":"2011-06-03T16:15:40","date_gmt":"2011-06-03T15:15:40","guid":{"rendered":"http:\/\/df-nyt.dk\/?p=22549"},"modified":"2018-03-05T13:41:17","modified_gmt":"2018-03-05T12:41:17","slug":"vi-mangler-job-ikke-haender","status":"publish","type":"post","link":"https:\/\/df-nyt.dk\/blog\/vi-mangler-job-ikke-haender\/","title":{"rendered":"Enhedslisten: Vi mangler job &#8211; ikke h\u00e6nder"},"content":{"rendered":"<p><a href=\"https:\/\/df-nyt.dk\/blog\/wp-content\/uploads\/030620111721.png\"><img loading=\"lazy\" decoding=\"async\" class=\"aligncenter size-full wp-image-22554\" title=\"030620111721\" src=\"https:\/\/df-nyt.dk\/blog\/wp-content\/uploads\/030620111721.png\" alt=\"\" width=\"317\" height=\"148\" \/><\/a><\/p>\n<p>Vism\u00e6ndenes  seneste rapport viser tydeligt, at mangel p\u00e5 arbejdskraft ikke er et gyldigt argument for at afskaffe efterl\u00f8nnen.<\/p>\n<p>Gentagelses magt er stor i politik.<\/p>\n<p>Hvis noget siges tilpas mange gange, begynder det at lyde sandt.<br \/>\nDet g\u00e6lder for  eksempel myten om, at vi kommer til at mangle h\u00e6nder, hvis vi ikke afskaffer efterl\u00f8nnen.<\/p>\n<p>Selv vism\u00e6ndene, der ellers hylder tilbagetr\u00e6kningsreformen, leverer argumenter mod d\u00e9n forklaring.<\/p>\n<p>Det fremg\u00e5r af deres seneste rapport, som  jeg netop har gennemg\u00e5et.<\/p>\n<p><strong>28 \u00e5r med flere  arbejdsl\u00f8se<\/strong><br \/>\nEt af vism\u00e6ndenes regneeksempel viser, at  efterl\u00f8nsreformen faktisk medf\u00f8rer en stigning i arbejdsl\u00f8sheden p\u00e5 20.000. personer.<\/p>\n<p>Der bliver ogs\u00e5 flere arbejdsl\u00f8se i den korte periode frem til 2018,  hvor arbejdsstyrken midlertidigt bliver mindre, fordi befolkningen  \u00e6ldes.<\/p>\n<p>F\u00f8rst i 2040 vil arbejdsl\u00f8sheden v\u00e6re tilbage p\u00e5 samme niveau, som  hvis efterl\u00f8nnen ikke var blevet begr\u00e6nset.<\/p>\n<p>Rapporten g\u00f8r det alts\u00e5  soleklart, at mangel p\u00e5 arbejdskraft ikke holder som argument for at afskaffe efterl\u00f8nnen.<\/p>\n<p><strong>Efterl\u00f8nsreformen tvinger dig ned i  l\u00f8n<\/strong><br \/>\nHvad skal tilbagetr\u00e6kningsreformen s\u00e5 g\u00f8re godt for?<\/p>\n<p>Det  giver vism\u00e6ndenes rapport ogs\u00e5 et praj om.<\/p>\n<p>De regner sig frem til, at \u2013 set i  forhold til den almindelige udvikling \u2013 vil efterl\u00f8nsreformen f\u00e5 reall\u00f8nnen til  at falde med hele 2 %.<\/p>\n<p>Vism\u00e6ndene erkender alts\u00e5, at en begr\u00e6nsning af efterl\u00f8nnen vil presse l\u00f8nningerne ned.<\/p>\n<p>Under tirsdagens afslutningsdebat  i Folketinget spurgte jeg Margrethe Vestager, om 28 \u00e5rs \u00f8get arbejdsl\u00f8sheden og en 2 % lavere reall\u00f8n fik hende til at fortryde tilbagetr\u00e6kningsreformen. Hun  svarede nej.<\/p>\n<p><strong>Ny politik frem for tragikomik<\/strong><br \/>\nDe  Radikales leder var ikke alene med sit synspunkt.<\/p>\n<p>Borgerlige og radikale politikere stod i k\u00f8 for at forsvare begr\u00e6nsningen af efterl\u00f8nnen med myten om mangel p\u00e5 h\u00e6nder.<\/p>\n<p>Tilsyneladende satser de p\u00e5, at myten bliver sand, hvis de gentager den.<\/p>\n<p>Det tvinger politikerne ud i forn\u00e6gtelser og udenomssnak, til politik ender som absurd teater.<\/p>\n<p>Det kunne v\u00e6re morsomt, hvis ikke det fik s\u00e5  alvorlige konsekvenser for tusinder af arbejdsl\u00f8se og l\u00f8nmodtagere.<\/p>\n<p>Jeg  gl\u00e6der mig til, at en ny regering overtager scenen.<\/p>\n<p>En af de f\u00f8rste ting, Enhedslisten vil f\u00e5 skrevet ind i deres manuskript, er, at efterl\u00f8nnen skal bevares.<\/p>\n<p>Det er job, vi har brug for \u2013 ikke flere arbejdsl\u00f8se og lavere  l\u00f8n.<\/p>\n<p><strong>Med venlig hilsen,<br \/>\nFrank Aaen.<\/strong><\/p>\n<p><strong>L\u00e6s flere nyheder fra Enhedslisten <span style=\"text-decoration: underline;\"><a href=\"http:\/\/www.enhedslisten.dk\/\">HER<\/a><\/span><\/strong><\/p>\n<p>&nbsp;<\/p>\n","protected":false},"excerpt":{"rendered":"<p>Vism\u00e6ndenes seneste rapport viser tydeligt, at mangel p\u00e5 arbejdskraft ikke er et gyldigt argument for at afskaffe efterl\u00f8nnen. Gentagelses magt er stor i politik. Hvis noget siges tilpas mange gange, begynder det at lyde sandt. Det g\u00e6lder for eksempel myten om, at vi kommer til at mangle h\u00e6nder, hvis vi ikke afskaffer efterl\u00f8nnen. Selv vism\u00e6ndene, [&hellip;]<\/p>\n","protected":false},"author":10,"featured_media":0,"comment_status":"open","ping_status":"closed","sticky":false,"template":"","format":"standard","meta":{"footnotes":""},"categories":[1],"tags":[],"class_list":["post-22549","post","type-post","status-publish","format-standard","hentry","category-df-nyt-dk"],"_links":{"self":[{"href":"https:\/\/df-nyt.dk\/blog\/wp-json\/wp\/v2\/posts\/22549","targetHints":{"allow":["GET"]}}],"collection":[{"href":"https:\/\/df-nyt.dk\/blog\/wp-json\/wp\/v2\/posts"}],"about":[{"href":"https:\/\/df-nyt.dk\/blog\/wp-json\/wp\/v2\/types\/post"}],"author":[{"embeddable":true,"href":"https:\/\/df-nyt.dk\/blog\/wp-json\/wp\/v2\/users\/10"}],"replies":[{"embeddable":true,"href":"https:\/\/df-nyt.dk\/blog\/wp-json\/wp\/v2\/comments?post=22549"}],"version-history":[{"count":0,"href":"https:\/\/df-nyt.dk\/blog\/wp-json\/wp\/v2\/posts\/22549\/revisions"}],"wp:attachment":[{"href":"https:\/\/df-nyt.dk\/blog\/wp-json\/wp\/v2\/media?parent=22549"}],"wp:term":[{"taxonomy":"category","embeddable":true,"href":"https:\/\/df-nyt.dk\/blog\/wp-json\/wp\/v2\/categories?post=22549"},{"taxonomy":"post_tag","embeddable":true,"href":"https:\/\/df-nyt.dk\/blog\/wp-json\/wp\/v2\/tags?post=22549"}],"curies":[{"name":"wp","href":"https:\/\/api.w.org\/{rel}","templated":true}]}}