{"id":22619,"date":"2011-06-06T16:20:37","date_gmt":"2011-06-06T15:20:37","guid":{"rendered":"http:\/\/df-nyt.dk\/?p=22619"},"modified":"2025-06-27T07:29:22","modified_gmt":"2025-06-27T05:29:22","slug":"henrik-dam-kristensen-noget-at-vaere-stolt-af","status":"publish","type":"post","link":"https:\/\/df-nyt.dk\/blog\/henrik-dam-kristensen-noget-at-vaere-stolt-af\/","title":{"rendered":"Henrik Dam Kristensen: Noget at v\u00e6re stolt af"},"content":{"rendered":"<p><img loading=\"lazy\" decoding=\"async\" class=\" alignnone\" title=\"060620111718\" src=\"https:\/\/df-nyt.dk\/blog\/wp-content\/uploads\/060620111718.png\" alt=\"\" width=\"340\" height=\"69\" \/><\/p>\n<p>Under afslutningsdebatten i Folketinget tirsdag fortalte Lars L\u00f8kke Rasmussen, at han er stolt.<\/p>\n<p>Han er stolt over regeringens bedrifter i det folketings\u00e5r, der er g\u00e5et &#8211; s\u00e6rligt forringelserne af efterl\u00f8nnen, som V og K har forhandlet p\u00e5 plads med Dansk Folkeparti og De Radikale.<\/p>\n<p>Politisk er jeg naturligvis uenig i at, det er noget at v\u00e6re stolt over \u2013 men selvf\u00f8lgelig har statsministeren lov til at v\u00e6re glad for at f\u00e5 sin politik gennemf\u00f8rt.<\/p>\n<p>Hvad jeg til geng\u00e6ld ikke kan forst\u00e5, er, at Lars L\u00f8kke Rasmussen kan f\u00f8le gl\u00e6de over at gennemf\u00f8re s\u00e5 store \u00e6ndringer uden at give befolkningen lov til at tale.<\/p>\n<p>Siden nyt\u00e5rstalen, hvor Lars L\u00f8kke Rasmussen fortalte, at han ville afskaffe efterl\u00f8nnen, har der v\u00e6ret en begrundet forventning om, at danskerne skulle til valg inden sommerferien.<\/p>\n<p>Regeringen er i dens gode ret til at k\u00e6mpe for et Danmark med mere ulighed og ringere velf\u00e6rd. Men folket b\u00f8r h\u00f8res.<\/p>\n<p>Valget kom alts\u00e5 ikke.<br \/>\nHeldigvis s\u00e6tter Grundloven en gr\u00e6nse for, hvor l\u00e6nge statsministeren kan tr\u00e6kke tiden ud, og inden november kan danskerne med stemmerne fort\u00e6lle, om de er enige i regeringens politik.<\/p>\n<p>Jeg tror det ikke.<br \/>\nVi g\u00e5r nu en sommer i m\u00f8de, hvor intet er afklaret i dansk politik.<\/p>\n<p>Vi har de to store \u00f8konomiske 2020-planer \u2013 regeringens og S-SF\u2019s med de forskellige bud p\u00e5, hvordan Danmark igen skal f\u00e5 overskud.<\/p>\n<p>Der er brug for nye tiltag.<br \/>\nUnder debatten i Folketinget tirsdag kunne Danmarks Statistik fort\u00e6lle, at v\u00e6ksten i Danmark for andet kvartal i tr\u00e6k var negativ \u2013 det betyder, at Danmark er i teknisk recession.<\/p>\n<p>Det ser alts\u00e5 endnu v\u00e6rre ud med \u00f8konomien end forventet. Men det hele st\u00e5r i stampe, indtil vi har haft et folketingsvalg.<\/p>\n<div>\n<p>Det bliver en lang sommer, hvor vi skal forberede os p\u00e5 skr\u00e6mmekampagner fra V, K og O.<\/p>\n<p>Der vil ingen gr\u00e6nser v\u00e6re for, hvad vi vil blive beskyldt for.<\/p>\n<p>Der vil ikke v\u00e6re gr\u00e6nser for, hvor mange \u201dhuller\u201d vores politiske modstandere vil finde i Fair L\u00f8sning 2020.<\/p>\n<p>Der vil komme de s\u00e6dvanlige trusler om, at en socialdemokratisk ledet regering betyder massive skatteforh\u00f8jelser, at boligskatten vil stige, at dansk \u00f8konomi vil k\u00f8re ud over afgrunden osv.<\/p>\n<p>Der er ikke s\u00e5 meget andet at g\u00f8re ved den slags end vedholdende og sagligt blive ved med at forklare, hvad det er, vi vil med Fair L\u00f8sning 2020.<\/p>\n<p>Igen og igen p\u00e5pege, n\u00e5r der bliver sagt noget usandt, og igen og igen forklare, at Danmark kan komme igennem krisen ved at st\u00e5 sammen, arbejde mere, uddanne os bedre og have mere intelligente l\u00f8sninger end evindelige besparelser p\u00e5 velf\u00e6rden.<\/p>\n<p>Jeg h\u00e5ber, I f\u00e5r en god sommer, hvor I er klar til at tage diskussionerne, n\u00e5r de opst\u00e5r.<\/p>\n<p>Selvom valget f\u00f8rst kommer til efter\u00e5ret, kan vi liges\u00e5 godt indstille os p\u00e5, at indtil det kommer, vil vi mere eller mindre v\u00e6re i permanent valgkamp &#8230;<\/p>\n<p>Husk at kigge forbi p\u00e5,\u00a0<br \/>\n\/\/www.henrikdk.dk\/&#8221;  \/henrikdk.dk<\/p><\/div>\n","protected":false},"excerpt":{"rendered":"<p>Under afslutningsdebatten i Folketinget tirsdag fortalte Lars L\u00f8kke Rasmussen, at han er stolt. Han er stolt over regeringens bedrifter i det folketings\u00e5r, der er g\u00e5et &#8211; s\u00e6rligt forringelserne af efterl\u00f8nnen, som V og K har forhandlet p\u00e5 plads med Dansk Folkeparti og De Radikale. Politisk er jeg naturligvis uenig i at, det er noget at [&hellip;]<\/p>\n","protected":false},"author":10,"featured_media":0,"comment_status":"open","ping_status":"closed","sticky":false,"template":"","format":"standard","meta":{"footnotes":""},"categories":[1],"tags":[],"class_list":["post-22619","post","type-post","status-publish","format-standard","hentry","category-df-nyt-dk"],"_links":{"self":[{"href":"https:\/\/df-nyt.dk\/blog\/wp-json\/wp\/v2\/posts\/22619","targetHints":{"allow":["GET"]}}],"collection":[{"href":"https:\/\/df-nyt.dk\/blog\/wp-json\/wp\/v2\/posts"}],"about":[{"href":"https:\/\/df-nyt.dk\/blog\/wp-json\/wp\/v2\/types\/post"}],"author":[{"embeddable":true,"href":"https:\/\/df-nyt.dk\/blog\/wp-json\/wp\/v2\/users\/10"}],"replies":[{"embeddable":true,"href":"https:\/\/df-nyt.dk\/blog\/wp-json\/wp\/v2\/comments?post=22619"}],"version-history":[{"count":5,"href":"https:\/\/df-nyt.dk\/blog\/wp-json\/wp\/v2\/posts\/22619\/revisions"}],"predecessor-version":[{"id":108281,"href":"https:\/\/df-nyt.dk\/blog\/wp-json\/wp\/v2\/posts\/22619\/revisions\/108281"}],"wp:attachment":[{"href":"https:\/\/df-nyt.dk\/blog\/wp-json\/wp\/v2\/media?parent=22619"}],"wp:term":[{"taxonomy":"category","embeddable":true,"href":"https:\/\/df-nyt.dk\/blog\/wp-json\/wp\/v2\/categories?post=22619"},{"taxonomy":"post_tag","embeddable":true,"href":"https:\/\/df-nyt.dk\/blog\/wp-json\/wp\/v2\/tags?post=22619"}],"curies":[{"name":"wp","href":"https:\/\/api.w.org\/{rel}","templated":true}]}}