{"id":22712,"date":"2011-06-08T17:55:09","date_gmt":"2011-06-08T16:55:09","guid":{"rendered":"http:\/\/df-nyt.dk\/?p=22712"},"modified":"2025-06-27T07:26:59","modified_gmt":"2025-06-27T05:26:59","slug":"kernekraftvaerker-udleder-h%c3%b8jradioaktivt-forurenet-vand-i-havet","status":"publish","type":"post","link":"https:\/\/df-nyt.dk\/blog\/kernekraftvaerker-udleder-h%c3%b8jradioaktivt-forurenet-vand-i-havet\/","title":{"rendered":"Kernekraftv\u00e6rker udleder h\u00f8jradioaktivt forurenet vand"},"content":{"rendered":"<p><img loading=\"lazy\" decoding=\"async\" class=\"size-medium \" title=\"080620111852\" src=\"https:\/\/df-nyt.dk\/\/wp-content\/uploads\/080620111852.png\" alt=\"\" width=\"400\" height=\"117\" \/><\/p>\n<p>Ca. 3.000 tons er der tale om, fra Atomkraftv\u00e6rket Fukushima to.<br \/>\nDer ligger yderlig omkring 100.000 tons livsfarligt h\u00f8jradioaktivt forurenet vand ved Fukushima et.<\/p>\n<p>De to atomkraftv\u00e6rk-anl\u00e6g Fukushima et og to, ligger tolv kilometer fra hinanden og hidtil har medieopm\u00e6rksomheden v\u00e6ret rettet mod Fukushima et, som nu har tre nedsmeltet reaktore.<\/p>\n<p>Man frygter, i lyset af den forest\u00e5ende regntid, at katastrofen fortsat kan udvikler sig.<\/p>\n<p>Sammen med de millioner af liter vand, som er brugt i atomkraftv\u00e6rket, til k\u00f8ling af reaktorene, i ruinerne af bygningerne, s\u00e5 har ogs\u00e5 kraftige regnskyl, ledsaget af en tyfon, f\u00e5et det h\u00f8jradioaktivt forurenet vand til at stige, til et niveau hvor man slet ikke har nogle muligheder for at opbevare det l\u00e6ngere.<\/p>\n<p>Atomkraftv\u00e6rket Fukushima to, er opf\u00f8rt i 1982. og har fire vandk\u00f8let reaktorer. Skriver TT.com<br \/>\n\/\/tt.com:80\/csp\/cms\/sites\/tt\/Nachrichten\/2874423-2\/strahlenbr%C3%BChe-aus-zweitem-akw-in-fukushima-soll-ins-meer-flie%C3%9Fen.csp&#8221;<\/p>\n<p>For yderlig l\u00e6sning<\/p>\n<p><a href=\"https:\/\/df-nyt.dk\/?p=22541\"><span style=\"text-decoration: underline;\"> Japan tr\u00e6kker gr\u00f8n te fra markedet som f\u00f8lge af atomkatastrofen<\/span><\/a><br \/>\n&nbsp;<br \/>\n<a href=\"https:\/\/df-nyt.dk\/?p=17992\"><span style=\"text-decoration: underline\">Anders Samuelsen fra Liberal Alliance, foresl\u00e5r, at Danmark skal have sit f\u00f8rste atomkraftv\u00e6rk inden 2020.<\/span><\/a><br \/>\n&nbsp;<br \/>\n\u00bbJeg beklager voldsomt, at der var nogle venstrefl\u00f8jsaktivister, der i 60\u2032erne og 70\u2032erne p\u00e5 et usagligt grundlag f\u00f8rte en kampagne, der gjorde, at vi i Danmark sagde nej til a-kraft.<br \/>\nHvis vi havde haft a-kraft, havde vi haft en billig elforsyning\u00ab, siger Dansk Folkepartis energiordf\u00f8rer Per Dalgaard, den 17. feb. 2010. politiken.dk <a href=\"https:\/\/df-nyt.dk\/?p=17992\"><span style=\"text-decoration: underline;\">L\u00e6s det DER<\/span><\/a><br \/>\n&nbsp;<\/p>\n","protected":false},"excerpt":{"rendered":"<p>Ca. 3.000 tons er der tale om, fra Atomkraftv\u00e6rket Fukushima to. Der ligger yderlig omkring 100.000 tons livsfarligt h\u00f8jradioaktivt forurenet vand ved Fukushima et. De to atomkraftv\u00e6rk-anl\u00e6g Fukushima et og to, ligger tolv kilometer fra hinanden og hidtil har medieopm\u00e6rksomheden v\u00e6ret rettet mod Fukushima et, som nu har tre nedsmeltet reaktore. Man frygter, i lyset [&hellip;]<\/p>\n","protected":false},"author":10,"featured_media":0,"comment_status":"open","ping_status":"closed","sticky":false,"template":"","format":"standard","meta":{"footnotes":""},"categories":[1],"tags":[],"class_list":["post-22712","post","type-post","status-publish","format-standard","hentry","category-df-nyt-dk"],"_links":{"self":[{"href":"https:\/\/df-nyt.dk\/blog\/wp-json\/wp\/v2\/posts\/22712","targetHints":{"allow":["GET"]}}],"collection":[{"href":"https:\/\/df-nyt.dk\/blog\/wp-json\/wp\/v2\/posts"}],"about":[{"href":"https:\/\/df-nyt.dk\/blog\/wp-json\/wp\/v2\/types\/post"}],"author":[{"embeddable":true,"href":"https:\/\/df-nyt.dk\/blog\/wp-json\/wp\/v2\/users\/10"}],"replies":[{"embeddable":true,"href":"https:\/\/df-nyt.dk\/blog\/wp-json\/wp\/v2\/comments?post=22712"}],"version-history":[{"count":4,"href":"https:\/\/df-nyt.dk\/blog\/wp-json\/wp\/v2\/posts\/22712\/revisions"}],"predecessor-version":[{"id":108279,"href":"https:\/\/df-nyt.dk\/blog\/wp-json\/wp\/v2\/posts\/22712\/revisions\/108279"}],"wp:attachment":[{"href":"https:\/\/df-nyt.dk\/blog\/wp-json\/wp\/v2\/media?parent=22712"}],"wp:term":[{"taxonomy":"category","embeddable":true,"href":"https:\/\/df-nyt.dk\/blog\/wp-json\/wp\/v2\/categories?post=22712"},{"taxonomy":"post_tag","embeddable":true,"href":"https:\/\/df-nyt.dk\/blog\/wp-json\/wp\/v2\/tags?post=22712"}],"curies":[{"name":"wp","href":"https:\/\/api.w.org\/{rel}","templated":true}]}}