{"id":22826,"date":"2011-06-12T20:01:10","date_gmt":"2011-06-12T19:01:10","guid":{"rendered":"http:\/\/df-nyt.dk\/?p=22826"},"modified":"2025-08-12T00:03:27","modified_gmt":"2025-08-11T22:03:27","slug":"hojreekstremistisk-terror-angreb-pa-moske-i-nakskov","status":"publish","type":"post","link":"https:\/\/df-nyt.dk\/blog\/hojreekstremistisk-terror-angreb-pa-moske-i-nakskov\/","title":{"rendered":"H\u00f8jreekstremistisk terror-angreb p\u00e5 moske i Nakskov"},"content":{"rendered":"<p>H\u00f8jreekstremistisk terror-angreb p\u00e5 moske i Nakskov<br \/>\nHandlinger, udf\u00f8rt for at skr\u00e6mme andre mennesker er terror.<\/p>\n<p>Ordet &#8216;terror&#8217; betyder &#8216;at g\u00f8re bange&#8217;.<br \/>\nDerfor er der en direkte kobling imellem de handlinger som blev udf\u00f8rt natten til tirsdag imod Baitul Hamd-moskeen i Nakskov og begrebet terror.<\/p>\n<p><img loading=\"lazy\" decoding=\"async\" class=\"alignnone \" src=\"https:\/\/df-nyt.dk\/wp-content\/uploads\/070620110955.png\" alt=\"\" width=\"301\" height=\"209\" \/><\/p>\n<p>Natten til tirsdag blev der beg\u00e5et h\u00e6rv\u00e6rk mod Baitul Hamd-moskeen i Nakskov.<\/p>\n<p><img loading=\"lazy\" decoding=\"async\" class=\"alignnone \" src=\"https:\/\/df-nyt.dk\/wp-content\/uploads\/120620112231.png\" alt=\"\" width=\"298\" height=\"179\" \/><\/p>\n<p>To gerningsm\u00e6nd hang Kurt Westergaard muhammedtegning og et banner med teksten &#8220;For Danmarks frihed &#8211; Danish Defence League&#8221; op p\u00e5 facaden. <a href=\"https:\/\/df-nyt.dk\/?p=24875\"><span style=\"text-decoration: underline;\">(Indsat billed: Bo Rightwing og Michelle Lund)<\/span><\/a><br \/>\n&#8211; Imamen og hans familie var selvf\u00f8lgelig dybt chokeret, siger Hamad Sheraz Rovsing, der er talsmand for moskeen. Imamen bor p\u00e5 1. salen i moskeen, men ingen i familien v\u00e5gnede under aktionen. &#8211; Vi har levet fint i Nakskov de sidste 10-15 \u00e5r og har ikke haft nogle uheldige scener, som det der forekom tidligere p\u00e5 ugen, siger han.<\/p>\n<p>En forsker i ekstremisme understreger ogs\u00e5 at <a href=\"https:\/\/df-nyt.dk\/?p=10599\"><span style=\"text-decoration: underline;\">gruppen<\/span><\/a>, der st\u00e5r bag h\u00e6rv\u00e6rket er meget lille. &#8211; Hvis man kigger p\u00e5 deres opstartsm\u00f8de som fandt sted sidste \u00e5r i K\u00f8benhavn, s\u00e5 kunne der t\u00e6lles p\u00e5 to h\u00e6nder, hvad der dukkede op af mennesker, siger Chris Holmsted Larsen fra Roskilde Universitet. Skriver Netavisen P4 Sj\u00e6lland.<\/p>\n<p>Reference<br \/>\nNetavisen \/\/dr.dk \/P4 \/Sjaelland \/Nyheder\/Lolland\/2011\/06\/11\/<br \/>\n\/\/redox.dk:80\/spip.php?article968&#8243;<\/p>\n<p>For yderlig l\u00e6sning<\/p>\n<p><a href=\"https:\/\/df-nyt.dk\/?p=22656\"><span style=\"text-decoration: underline;\">Anders Gravers: Tillykke med jeres f\u00f8rste Aktion DDL<\/span><\/a><\/p>\n<p><a href=\"https:\/\/p77.dk\/radikalisering\/danmark\/518-hojreekstremistisk-folketingskandidat-stotter-haervaerk-af-moske\"><span style=\"text-decoration: underline;\">Netmagasinet P77.dk &#8211; H\u00f8jreekstremistisk Folketingskandidat st\u00f8tter h\u00e6rv\u00e6rk p\u00e5 Moske<\/span><\/a><\/p>\n<p><img loading=\"lazy\" decoding=\"async\" class=\"alignnone size-medium \" src=\"https:\/\/df-nyt.dk\/wp-content\/uploads\/120620112219.png\" alt=\"\" width=\"400\" height=\"190\" \/><\/p>\n<p>Billedet: Et Sceen-dump\/En kommentar fra,\u00a0<br \/>\n<a href=\"https:\/\/p77.dk\/radikalisering\/danmark\/518-hojreekstremistisk-folketingskandidat-stotter-haervaerk-af-moske\"><span style=\"text-decoration: underline;\">kommentarfeltet p\u00e5 Netmagasinet p77.dk \/radikalisering \/danmark<\/span><\/a><br \/>\n&nbsp;<br \/>\n<a href=\"https:\/\/df-nyt.dk\/?p=18623\/\"><span style=\"text-decoration: underline;\">Netavisen Altinget.dk &#8211; Anders Gravers Pedersen, Udenfor partierne<\/span><\/a><br \/>\n&nbsp;<br \/>\n<a href=\"http:\/\/shansensblog.blogspot.com\/2009\/05\/anders-gravers-og-siad-bag-facaden-pa.html\"><span style=\"text-decoration: underline;\">\/\/shansensblog.blogspot. &#8220;Kom med bag facaden p\u00e5 Stop Islamiseringen af Danmark.&#8221;<\/span><\/a><br \/>\n&nbsp;<br \/>\n<a href=\"https:\/\/df-nyt.dk\/?p=16314\/\"><span style=\"text-decoration: underline;\">Marianne Forsberg og de \u201ckonservative\u201d d\u00f8dspatruljer?<\/span><\/a><br \/>\n&nbsp;<br \/>\n<img loading=\"lazy\" decoding=\"async\" class=\"alignnone size-medium \" src=\"https:\/\/df-nyt.dk\/wp-content\/uploads\/310120112249.png\" alt=\"\" width=\"400\" height=\"61\" \/><br \/>\n&nbsp;<\/p>\n","protected":false},"excerpt":{"rendered":"<p>H\u00f8jreekstremistisk terror-angreb p\u00e5 moske i Nakskov Handlinger, udf\u00f8rt for at skr\u00e6mme andre mennesker er terror. Ordet &#8216;terror&#8217; betyder &#8216;at g\u00f8re bange&#8217;. Derfor er der en direkte kobling imellem de handlinger som blev udf\u00f8rt natten til tirsdag imod Baitul Hamd-moskeen i Nakskov og begrebet terror. Natten til tirsdag blev der beg\u00e5et h\u00e6rv\u00e6rk mod Baitul Hamd-moskeen i [&hellip;]<\/p>\n","protected":false},"author":10,"featured_media":0,"comment_status":"open","ping_status":"closed","sticky":false,"template":"","format":"standard","meta":{"footnotes":""},"categories":[1],"tags":[],"class_list":["post-22826","post","type-post","status-publish","format-standard","hentry","category-df-nyt-dk"],"_links":{"self":[{"href":"https:\/\/df-nyt.dk\/blog\/wp-json\/wp\/v2\/posts\/22826","targetHints":{"allow":["GET"]}}],"collection":[{"href":"https:\/\/df-nyt.dk\/blog\/wp-json\/wp\/v2\/posts"}],"about":[{"href":"https:\/\/df-nyt.dk\/blog\/wp-json\/wp\/v2\/types\/post"}],"author":[{"embeddable":true,"href":"https:\/\/df-nyt.dk\/blog\/wp-json\/wp\/v2\/users\/10"}],"replies":[{"embeddable":true,"href":"https:\/\/df-nyt.dk\/blog\/wp-json\/wp\/v2\/comments?post=22826"}],"version-history":[{"count":4,"href":"https:\/\/df-nyt.dk\/blog\/wp-json\/wp\/v2\/posts\/22826\/revisions"}],"predecessor-version":[{"id":109768,"href":"https:\/\/df-nyt.dk\/blog\/wp-json\/wp\/v2\/posts\/22826\/revisions\/109768"}],"wp:attachment":[{"href":"https:\/\/df-nyt.dk\/blog\/wp-json\/wp\/v2\/media?parent=22826"}],"wp:term":[{"taxonomy":"category","embeddable":true,"href":"https:\/\/df-nyt.dk\/blog\/wp-json\/wp\/v2\/categories?post=22826"},{"taxonomy":"post_tag","embeddable":true,"href":"https:\/\/df-nyt.dk\/blog\/wp-json\/wp\/v2\/tags?post=22826"}],"curies":[{"name":"wp","href":"https:\/\/api.w.org\/{rel}","templated":true}]}}