{"id":23013,"date":"2011-06-16T13:51:25","date_gmt":"2011-06-16T12:51:25","guid":{"rendered":"http:\/\/df-nyt.dk\/?p=23013"},"modified":"2018-03-05T14:30:35","modified_gmt":"2018-03-05T13:30:35","slug":"uddannelse-og-forskning-skal-sikre-fortsat-produktion-i-danmark","status":"publish","type":"post","link":"https:\/\/df-nyt.dk\/blog\/uddannelse-og-forskning-skal-sikre-fortsat-produktion-i-danmark\/","title":{"rendered":"Uddannelse og forskning skal sikre fortsat produktion i Danmark"},"content":{"rendered":"<p><a href=\"https:\/\/df-nyt.dk\/blog\/wp-content\/uploads\/160620111450.png\"><img loading=\"lazy\" decoding=\"async\" class=\"aligncenter size-full wp-image-23014\" title=\"160620111450\" src=\"https:\/\/df-nyt.dk\/blog\/wp-content\/uploads\/160620111450.png\" alt=\"\" width=\"547\" height=\"247\" srcset=\"https:\/\/df-nyt.dk\/blog\/wp-content\/uploads\/160620111450.png 547w, https:\/\/df-nyt.dk\/blog\/wp-content\/uploads\/160620111450-400x180.png 400w\" sizes=\"auto, (max-width: 547px) 100vw, 547px\" \/><\/a><\/p>\n<p><strong>En ny rapport fra Danmarks V\u00e6kstr\u00e5d viser, at Danmark mister produktionsarbejdspladser.<\/strong><\/p>\n<p>Rapporten understreger, at regeringen har f\u00f8rt en helt forfejlet erhvervspolitik de seneste ti \u00e5r.<\/p>\n<p>Regeringen har nedprioriteret de omr\u00e5der, hvor der er st\u00f8rst v\u00e6kst p\u00e5 globalt plan, nemlig milj\u00f8- og energiomr\u00e5det.<\/p>\n<p>Samtidig har de sk\u00e5ret i det eksportfremmesystem, der skulle hj\u00e6lpe nye danske virksomheder ud p\u00e5 verdensmarkedet.<\/p>\n<p><strong>SFs v\u00e6kstordf\u00f8rer Steen Gade siger, om rapporten:<\/strong><br \/>\n&#8211; Udviklingen viser endnu engang, at de seneste 10 \u00e5rs erhvervspolitik \u2013 eller mangel p\u00e5 samme \u2013 har v\u00e6ret helt forfejlet.<\/p>\n<p>Regeringen har ikke i tilstr\u00e6kkelig grad sat fokus p\u00e5 at h\u00e6ve innovationsniveauet i virksomhederne.<\/p>\n<p>Resultatet er, at danske virksomheder i sammenligning med andre europ\u00e6iske lande s\u00e6lger f\u00e6rre nye varer, samt at produktivitetsniveauet i de danske virksomheder har udviklet sig langsommere end hos konkurrenterne.<\/p>\n<p>&#8211; Regeringens svar p\u00e5 virksomhedernes udfordringer er at s\u00e6nke l\u00f8nniveauet i virksomhederne ved at f\u00e5 en st\u00f8rre ledighed.<\/p>\n<p>S\u00e5ledes siger Brian Mikkelsen til B\u00f8rsen i dag, at de 75.000 h\u00e6nder han forventer, at tilbagetr\u00e6kningsreformen vil skabe, skal medvirke til at forhindre l\u00f8nstigninger.<\/p>\n<p>I SF g\u00e5r vi ogs\u00e5 ind for, at omkostningsniveauet bliver lavest muligt, men vi tror aldrig, at danske virksomheder kommer til at konkurrere p\u00e5 den laveste l\u00f8n.<\/p>\n<p>SF har fremlagt et v\u00e6kstudspil, der vil skabe 75.000 nye jobs frem mod \u00e5r 2020.<\/p>\n<p>Mange af dem vil v\u00e6re produktionsjob.<\/p>\n<p><strong>Steen Gade siger:<\/strong><br \/>\n&#8211; Vi skal i Danmark igen have en strategisk erhvervspolitik, hvor vi satser p\u00e5 at udvikle kompetencer og rammevilk\u00e5r p\u00e5 de omr\u00e5der, hvor der er udsigt til global v\u00e6kst.<\/p>\n<p>Og s\u00e5 skal vi styrke produktionsvirksomhedernes produktivitet gennem bedre afskrivningsmuligheder, opkvalificering af arbejdsstyrken samt ved at \u00f8ge forskningen i for eksempel nye produktionsmetoder.<\/p>\n<p>Omvendt vil regeringen hellere give generelle skattelettelser, der s\u00e6rligt kommer servicevirksomheder til gode, samt sk\u00e6re p\u00e5 ambitionsniveauet indenfor uddannelse og forskning.<\/p>\n<p><strong>For yderlig l\u00e6sning.<\/strong><\/p>\n<p><a href=\"http:\/\/www.sf.dk\"><span style=\"text-decoration: underline;\"><strong>www.sf.dk\/seneste-nyt<\/strong><\/span><\/a><\/p>\n<hr \/>\n<p><a href=\"http:\/\/df-nyt.dk\/?p=22925\"><span style=\"text-decoration: underline;\"><strong>Ny forskning underkender regeringens besk\u00e6ftigelsespolitik <\/strong><\/span><\/a><\/p>\n<hr \/>\n<p>&nbsp;<\/p>\n","protected":false},"excerpt":{"rendered":"<p>En ny rapport fra Danmarks V\u00e6kstr\u00e5d viser, at Danmark mister produktionsarbejdspladser. Rapporten understreger, at regeringen har f\u00f8rt en helt forfejlet erhvervspolitik de seneste ti \u00e5r. Regeringen har nedprioriteret de omr\u00e5der, hvor der er st\u00f8rst v\u00e6kst p\u00e5 globalt plan, nemlig milj\u00f8- og energiomr\u00e5det. Samtidig har de sk\u00e5ret i det eksportfremmesystem, der skulle hj\u00e6lpe nye danske virksomheder [&hellip;]<\/p>\n","protected":false},"author":10,"featured_media":0,"comment_status":"open","ping_status":"closed","sticky":false,"template":"","format":"standard","meta":{"footnotes":""},"categories":[1],"tags":[],"class_list":["post-23013","post","type-post","status-publish","format-standard","hentry","category-df-nyt-dk"],"_links":{"self":[{"href":"https:\/\/df-nyt.dk\/blog\/wp-json\/wp\/v2\/posts\/23013","targetHints":{"allow":["GET"]}}],"collection":[{"href":"https:\/\/df-nyt.dk\/blog\/wp-json\/wp\/v2\/posts"}],"about":[{"href":"https:\/\/df-nyt.dk\/blog\/wp-json\/wp\/v2\/types\/post"}],"author":[{"embeddable":true,"href":"https:\/\/df-nyt.dk\/blog\/wp-json\/wp\/v2\/users\/10"}],"replies":[{"embeddable":true,"href":"https:\/\/df-nyt.dk\/blog\/wp-json\/wp\/v2\/comments?post=23013"}],"version-history":[{"count":0,"href":"https:\/\/df-nyt.dk\/blog\/wp-json\/wp\/v2\/posts\/23013\/revisions"}],"wp:attachment":[{"href":"https:\/\/df-nyt.dk\/blog\/wp-json\/wp\/v2\/media?parent=23013"}],"wp:term":[{"taxonomy":"category","embeddable":true,"href":"https:\/\/df-nyt.dk\/blog\/wp-json\/wp\/v2\/categories?post=23013"},{"taxonomy":"post_tag","embeddable":true,"href":"https:\/\/df-nyt.dk\/blog\/wp-json\/wp\/v2\/tags?post=23013"}],"curies":[{"name":"wp","href":"https:\/\/api.w.org\/{rel}","templated":true}]}}