{"id":23530,"date":"2011-06-24T20:01:49","date_gmt":"2011-06-24T19:01:49","guid":{"rendered":"http:\/\/df-nyt.dk\/?p=23530"},"modified":"2024-11-26T08:22:47","modified_gmt":"2024-11-26T07:22:47","slug":"henrik-raeder-clausen-glimrende-kommentarer-om-wilders-frikendelse","status":"publish","type":"post","link":"https:\/\/df-nyt.dk\/blog\/henrik-raeder-clausen-glimrende-kommentarer-om-wilders-frikendelse\/","title":{"rendered":"Henrik R\u00e6der Clausen: Glimrende kommentarer om. Wilders&#8217; frikendelse &#8230;"},"content":{"rendered":"<p>Henrik R\u00e6der Clausen: Glimrende kommentarer om. Wilders frikendelse<br \/>\n-og de problemer, der ligger bag hans kritik af Islam. -Se og spred!<\/p>\n<p>Skriver det k\u00e6re v\u00e6sen p\u00e5 FaceBook<br \/>\n-men undlader at fort\u00e6lle at grunden til, at den \u00e5benlyst islamofobiske Geert Wilders frifindes, kan findes i Menneskerettigheds-traktaten.<\/p>\n<p>Da man besluttede at indskrive Menneskerettigheds-traktaten i EU-Traktaten -da blev det samtidigt p\u00e5lagt samtlige EU-lande at tilpasse sine love, s\u00e5 de overholdte traktatens bestemmelser.<br \/>\nDerfor -og kun derfor -blev Geert Wilders frifundet.<\/p>\n<p>For yderlig l\u00e6sning<\/p>\n<p><a href=\"https:\/\/df-nyt.dk\/?p=23387\/\"><span style=\"text-decoration: underline;\">Geert Wilders frikendes ved domstol<\/span><\/a><br \/>\n&nbsp;<\/p>\n<p><img loading=\"lazy\" decoding=\"async\" class=\"size-medium alignnone\" src=\"https:\/\/df-nyt.dk\/wp-content\/uploads\/240620112034.png\" alt=\"\" width=\"394\" height=\"400\" \/><br \/>\n&nbsp;<br \/>\nHerover ses et seen-dump fra Henrik R\u00e6der Clausens offentlige FaceBook-v\u00e6g<br \/>\n\/\/facebook.com\/henrikrclausen?sk=wall<\/p>\n<p>For yderlig l\u00e6sning<\/p>\n<p><a href=\"https:\/\/df-nyt.dk\/?p=22978\/\" target=\"_blank\" rel=\"noopener noreferrer\"><span style=\"text-decoration: underline;\">Hans Erling Jensen: \u2018Men Mogens Camre er da et dumt svin!\u2019<\/span><\/a><br \/>\n&nbsp;<br \/>\n<a href=\"https:\/\/df-nyt.dk\/?p=20132\/\" target=\"_blank\" rel=\"noopener noreferrer\"><span style=\"text-decoration: underline;\">Marianne Forsberg -OK -formentlig en r\u00f8d agent<\/span><\/a><br \/>\n&nbsp;<\/p>\n","protected":false},"excerpt":{"rendered":"<p>Henrik R\u00e6der Clausen: Glimrende kommentarer om. Wilders frikendelse -og de problemer, der ligger bag hans kritik af Islam. -Se og spred! Skriver det k\u00e6re v\u00e6sen p\u00e5 FaceBook -men undlader at fort\u00e6lle at grunden til, at den \u00e5benlyst islamofobiske Geert Wilders frifindes, kan findes i Menneskerettigheds-traktaten. Da man besluttede at indskrive Menneskerettigheds-traktaten i EU-Traktaten -da blev [&hellip;]<\/p>\n","protected":false},"author":10,"featured_media":0,"comment_status":"open","ping_status":"closed","sticky":false,"template":"","format":"standard","meta":{"footnotes":""},"categories":[1],"tags":[],"class_list":["post-23530","post","type-post","status-publish","format-standard","hentry","category-df-nyt-dk"],"_links":{"self":[{"href":"https:\/\/df-nyt.dk\/blog\/wp-json\/wp\/v2\/posts\/23530","targetHints":{"allow":["GET"]}}],"collection":[{"href":"https:\/\/df-nyt.dk\/blog\/wp-json\/wp\/v2\/posts"}],"about":[{"href":"https:\/\/df-nyt.dk\/blog\/wp-json\/wp\/v2\/types\/post"}],"author":[{"embeddable":true,"href":"https:\/\/df-nyt.dk\/blog\/wp-json\/wp\/v2\/users\/10"}],"replies":[{"embeddable":true,"href":"https:\/\/df-nyt.dk\/blog\/wp-json\/wp\/v2\/comments?post=23530"}],"version-history":[{"count":1,"href":"https:\/\/df-nyt.dk\/blog\/wp-json\/wp\/v2\/posts\/23530\/revisions"}],"predecessor-version":[{"id":107100,"href":"https:\/\/df-nyt.dk\/blog\/wp-json\/wp\/v2\/posts\/23530\/revisions\/107100"}],"wp:attachment":[{"href":"https:\/\/df-nyt.dk\/blog\/wp-json\/wp\/v2\/media?parent=23530"}],"wp:term":[{"taxonomy":"category","embeddable":true,"href":"https:\/\/df-nyt.dk\/blog\/wp-json\/wp\/v2\/categories?post=23530"},{"taxonomy":"post_tag","embeddable":true,"href":"https:\/\/df-nyt.dk\/blog\/wp-json\/wp\/v2\/tags?post=23530"}],"curies":[{"name":"wp","href":"https:\/\/api.w.org\/{rel}","templated":true}]}}