{"id":8694,"date":"2010-09-04T14:57:51","date_gmt":"2010-09-04T13:57:51","guid":{"rendered":"http:\/\/df-nyt.dk\/?p=8694"},"modified":"2024-09-16T17:14:08","modified_gmt":"2024-09-16T15:14:08","slug":"den-farlige-ramadan-middag-snapstinget","status":"publish","type":"post","link":"https:\/\/df-nyt.dk\/blog\/den-farlige-ramadan-middag-snapstinget\/","title":{"rendered":"Rune Engelbreth Larsen: Den farlige ramadan-middag i Snapstinget"},"content":{"rendered":"<p>Rune Engelbreth Larsen: Den farlige ramadan-middag i Snapstinget<br \/>\nDet har igen v\u00e6ret en uge, hvor Dansk Folkeparti &amp; Co. har givet den antimuslimske agenda fuld skrue \u2013intet er for sm\u00e5t til at blive udbasuneret som den store islamiske magtovertagelse, selv en ramadan-middag i Snapstinget.<br \/>\n<img loading=\"lazy\" decoding=\"async\" class=\"alignleft size-full \" src=\"https:\/\/df-nyt.dk\/wp-content\/uploads\/040920101536.png\" alt=\"\" width=\"288\" height=\"292\" \/>Dagbladet, B.T. bl\u00e6ser det stort op, at middagen angiveligt skulle v\u00e6re finansieret af en islamist.<\/p>\n<p>Nu forholder det sig ganske vist s\u00e5dan, at sponsoren til denne kulturelle sammenkomst med 180 g\u00e6ster af vidt forskellig politisk, religi\u00f8s og ikke-religi\u00f8s observans, er en tyrkisk mainstream-avis, -og det er selvf\u00f8lgelig den -og kun den forbindelse, \u00d6zlem Cekic som arrang\u00f8r skal forholde sig til. Skriver Rune Engelbreth Larsen p\u00e5 <a href=\"http:\/\/humanisme.dk\/engelbreth10\/e100904.php\"><span style=\"text-decoration: underline;\"> hjemmesiden, politiken.dk \/ humanisme.dk <\/span><\/a><\/p>\n<p>Og han forts\u00e6tter med en lang\u00a0remse af kendsgerninger, som er s\u00e5 selvf\u00f8lgelige og kedelige -at bladene er ved, at visne p\u00e5 tr\u00e6erne.<\/p>\n<p>Men hvor var dagbladet, B.T. da Anders Gravers, med medlemmer fra\u00a0Dansk Folkeparti og Trykkefrihedsselskabet, afholdte en konference &#8211; i Folketingets f\u00e6llessal?<\/p>\n<p>For yderlig l\u00e6sning<\/p>\n<p><a href=\"https:\/\/df-nyt.dk\/?p=8142 \/\" target=\"_blank\" rel=\"noopener noreferrer\"><span style=\"text-decoration: underline;\">Baby-nazisternes-demo-leder-den-21-maj 2010-i-Aalborg-er-en-Danmarks-helt-L\u00e6s-det HER<\/span><\/a><br \/>\n&nbsp;<br \/>\n<span style=\"text-decoration: underline;\"><a href=\"http:\/\/siadinfo.blogspot.com\/\" target=\"_blank\" rel=\"noopener noreferrer\">Hjemmesiden \/\/siadinfo.blogspot-SIAD-Info-Info-om-SIAD<\/a><\/span><\/p>\n","protected":false},"excerpt":{"rendered":"<p>Rune Engelbreth Larsen: Den farlige ramadan-middag i Snapstinget Det har igen v\u00e6ret en uge, hvor Dansk Folkeparti &amp; Co. har givet den antimuslimske agenda fuld skrue \u2013intet er for sm\u00e5t til at blive udbasuneret som den store islamiske magtovertagelse, selv en ramadan-middag i Snapstinget. Dagbladet, B.T. bl\u00e6ser det stort op, at middagen angiveligt skulle v\u00e6re [&hellip;]<\/p>\n","protected":false},"author":10,"featured_media":0,"comment_status":"open","ping_status":"closed","sticky":false,"template":"","format":"standard","meta":{"footnotes":""},"categories":[1],"tags":[],"class_list":["post-8694","post","type-post","status-publish","format-standard","hentry","category-df-nyt-dk"],"_links":{"self":[{"href":"https:\/\/df-nyt.dk\/blog\/wp-json\/wp\/v2\/posts\/8694","targetHints":{"allow":["GET"]}}],"collection":[{"href":"https:\/\/df-nyt.dk\/blog\/wp-json\/wp\/v2\/posts"}],"about":[{"href":"https:\/\/df-nyt.dk\/blog\/wp-json\/wp\/v2\/types\/post"}],"author":[{"embeddable":true,"href":"https:\/\/df-nyt.dk\/blog\/wp-json\/wp\/v2\/users\/10"}],"replies":[{"embeddable":true,"href":"https:\/\/df-nyt.dk\/blog\/wp-json\/wp\/v2\/comments?post=8694"}],"version-history":[{"count":2,"href":"https:\/\/df-nyt.dk\/blog\/wp-json\/wp\/v2\/posts\/8694\/revisions"}],"predecessor-version":[{"id":104395,"href":"https:\/\/df-nyt.dk\/blog\/wp-json\/wp\/v2\/posts\/8694\/revisions\/104395"}],"wp:attachment":[{"href":"https:\/\/df-nyt.dk\/blog\/wp-json\/wp\/v2\/media?parent=8694"}],"wp:term":[{"taxonomy":"category","embeddable":true,"href":"https:\/\/df-nyt.dk\/blog\/wp-json\/wp\/v2\/categories?post=8694"},{"taxonomy":"post_tag","embeddable":true,"href":"https:\/\/df-nyt.dk\/blog\/wp-json\/wp\/v2\/tags?post=8694"}],"curies":[{"name":"wp","href":"https:\/\/api.w.org\/{rel}","templated":true}]}}