{"id":8705,"date":"2010-09-04T17:57:24","date_gmt":"2010-09-04T16:57:24","guid":{"rendered":"http:\/\/df-nyt.dk\/?p=8705"},"modified":"2018-03-08T21:15:22","modified_gmt":"2018-03-08T20:15:22","slug":"farshad-kholghi-og-sverigedemokraterna","status":"publish","type":"post","link":"https:\/\/df-nyt.dk\/blog\/farshad-kholghi-og-sverigedemokraterna\/","title":{"rendered":"Farshad Kholghi og Sverigedemokraterna"},"content":{"rendered":"<p><a href=\"https:\/\/df-nyt.dk\/blog\/wp-content\/uploads\/040520131844.png\"><img loading=\"lazy\" decoding=\"async\" class=\"aligncenter size-full wp-image-50520\" src=\"https:\/\/df-nyt.dk\/blog\/wp-content\/uploads\/040520131844.png\" alt=\"040520131844\" width=\"716\" height=\"541\" srcset=\"https:\/\/df-nyt.dk\/blog\/wp-content\/uploads\/040520131844.png 716w, https:\/\/df-nyt.dk\/blog\/wp-content\/uploads\/040520131844-400x302.png 400w\" sizes=\"auto, (max-width: 716px) 100vw, 716px\" \/><\/a><\/p>\n<p><strong>Undervisning i islamofobi?<\/strong><\/p>\n<p><a href=\"https:\/\/df-nyt.dk\/blog\/wp-content\/uploads\/040520131846.png\"><img loading=\"lazy\" decoding=\"async\" class=\"aligncenter size-full wp-image-50521\" src=\"https:\/\/df-nyt.dk\/blog\/wp-content\/uploads\/040520131846.png\" alt=\"040520131846\" width=\"722\" height=\"585\" srcset=\"https:\/\/df-nyt.dk\/blog\/wp-content\/uploads\/040520131846.png 722w, https:\/\/df-nyt.dk\/blog\/wp-content\/uploads\/040520131846-400x324.png 400w\" sizes=\"auto, (max-width: 722px) 100vw, 722px\" \/><\/a><\/p>\n<p><strong>M\u00e5ske er der penge i det &#8211; det kunne man jo overveje hvis moralen kan holde til det. <\/strong><\/p>\n<p><strong>Jeg tvivler st\u00e6rkt p\u00e5, at det er noget der kan fylde min sparegirs. <\/strong><\/p>\n<p><a href=\"https:\/\/df-nyt.dk\/blog\/wp-content\/uploads\/040520131848.png\"><img loading=\"lazy\" decoding=\"async\" class=\"aligncenter size-full wp-image-50522\" src=\"https:\/\/df-nyt.dk\/blog\/wp-content\/uploads\/040520131848.png\" alt=\"040520131848\" width=\"725\" height=\"691\" srcset=\"https:\/\/df-nyt.dk\/blog\/wp-content\/uploads\/040520131848.png 725w, https:\/\/df-nyt.dk\/blog\/wp-content\/uploads\/040520131848-400x381.png 400w\" sizes=\"auto, (max-width: 725px) 100vw, 725px\" \/><\/a><\/p>\n<p>Kilk p\u00e5 billeder for stor st\u00f8rrelse<\/p>\n<p><strong>For yderlig l\u00e6sning.<\/strong><\/p>\n<p><a href=\"http:\/\/df-nyt.dk\/?p=8879\"><span style=\"text-decoration: underline;\"><strong>Kendt skuespiller skal tale for nynazister<\/strong><\/span><\/a><\/p>\n<p>&nbsp;<\/p>\n","protected":false},"excerpt":{"rendered":"<p>Undervisning i islamofobi? M\u00e5ske er der penge i det &#8211; det kunne man jo overveje hvis moralen kan holde til det. Jeg tvivler st\u00e6rkt p\u00e5, at det er noget der kan fylde min sparegirs. Kilk p\u00e5 billeder for stor st\u00f8rrelse For yderlig l\u00e6sning. Kendt skuespiller skal tale for nynazister &nbsp;<\/p>\n","protected":false},"author":10,"featured_media":0,"comment_status":"open","ping_status":"closed","sticky":false,"template":"","format":"standard","meta":{"footnotes":""},"categories":[1],"tags":[],"class_list":["post-8705","post","type-post","status-publish","format-standard","hentry","category-df-nyt-dk"],"_links":{"self":[{"href":"https:\/\/df-nyt.dk\/blog\/wp-json\/wp\/v2\/posts\/8705","targetHints":{"allow":["GET"]}}],"collection":[{"href":"https:\/\/df-nyt.dk\/blog\/wp-json\/wp\/v2\/posts"}],"about":[{"href":"https:\/\/df-nyt.dk\/blog\/wp-json\/wp\/v2\/types\/post"}],"author":[{"embeddable":true,"href":"https:\/\/df-nyt.dk\/blog\/wp-json\/wp\/v2\/users\/10"}],"replies":[{"embeddable":true,"href":"https:\/\/df-nyt.dk\/blog\/wp-json\/wp\/v2\/comments?post=8705"}],"version-history":[{"count":0,"href":"https:\/\/df-nyt.dk\/blog\/wp-json\/wp\/v2\/posts\/8705\/revisions"}],"wp:attachment":[{"href":"https:\/\/df-nyt.dk\/blog\/wp-json\/wp\/v2\/media?parent=8705"}],"wp:term":[{"taxonomy":"category","embeddable":true,"href":"https:\/\/df-nyt.dk\/blog\/wp-json\/wp\/v2\/categories?post=8705"},{"taxonomy":"post_tag","embeddable":true,"href":"https:\/\/df-nyt.dk\/blog\/wp-json\/wp\/v2\/tags?post=8705"}],"curies":[{"name":"wp","href":"https:\/\/api.w.org\/{rel}","templated":true}]}}