{"id":8741,"date":"2010-09-05T11:40:44","date_gmt":"2010-09-05T10:40:44","guid":{"rendered":"http:\/\/df-nyt.dk\/?p=8741"},"modified":"2024-11-18T16:54:20","modified_gmt":"2024-11-18T15:54:20","slug":"liberal-alliance-er-pa-plads-fredenborg","status":"publish","type":"post","link":"https:\/\/df-nyt.dk\/blog\/liberal-alliance-er-pa-plads-fredenborg\/","title":{"rendered":"Liberal Alliance er p\u00e5 plads i Fredenborg"},"content":{"rendered":"<p><img loading=\"lazy\" decoding=\"async\" class=\"size-full alignleft\" src=\"https:\/\/df-nyt.dk\/\/wp-content\/uploads\/270720132202.png\" alt=\"270720132202\" width=\"233\" height=\"249\" \/><\/p>\n<p>For nylig kom strukturen p\u00e5 lokalforeningen nemlig p\u00e5 plads, og derfor kan Niels S\u00f8ndergaard fremover kalde sig formand for Liberal Alliance Fredensborg.<\/p>\n<p>Med p\u00e5 holdet f\u00e5r han Lars Balle Andersen som n\u00e6stformand, Helle Abild Hansen som sekret\u00e6r og Ole Brinkmann som kasserer, mens den \u00f8vrige bestyrelse best\u00e5r af Lise Kloster, Knus Bredbjerg, Erling Olsen og slutteligt Niels Westy Munch-Holbek, som ogs\u00e5 stiller op til folketinget. Skriver lokalavisen.dk<\/p>\n<p><img loading=\"lazy\" decoding=\"async\" class=\"size-full alignnone\" src=\"https:\/\/df-nyt.dk\/\/wp-content\/uploads\/270720132205.png\" alt=\"270720132205\" width=\"235\" height=\"154\" \/><\/p>\n<p>Det var stort set ogs\u00e5 i Mogens Glistrups tanker<br \/>\nda han fremviste sit skattekort p\u00e5 Tv.<\/p>\n<p><img loading=\"lazy\" decoding=\"async\" class=\"size-full alignnone\" src=\"https:\/\/df-nyt.dk\/\/wp-content\/uploads\/0509201013141.png\" alt=\"050920101314\" width=\"303\" height=\"288\" \/><\/p>\n<p>Tanken, lad de fattige fjolser betale, de har ikke s\u00e5 stort forbrug som jeg, m\u00e5 have ligget meget n\u00e6r.<\/p>\n<p>Reference<br \/>\n\/\/lokalavisen.dk \/liberal-alliance-er-paa-plads-i-fredenborg-\/20100905\/artikler\/709079873\/1051<\/p>\n<p>For yderlig l\u00e6sning.<\/p>\n<p><a href=\"https:\/\/df-nyt.dk\/?p=8126\" target=\"_blank\" rel=\"noopener noreferrer\"><span style=\"text-decoration: underline;\">Lavere b\u00f8rnecheck rammer h\u00e5rdt &#8211; L\u00e6s det HER <\/span><\/a><br \/>\n<a href=\"https:\/\/df-nyt.dk\/?p=7963\"><span style=\"text-decoration: underline;\"><br \/>\nJeppes historie om Liberal Alliance, Borgerligt Centrum m.v. <\/span><\/a>&lt;<\/p>\n","protected":false},"excerpt":{"rendered":"<p>For nylig kom strukturen p\u00e5 lokalforeningen nemlig p\u00e5 plads, og derfor kan Niels S\u00f8ndergaard fremover kalde sig formand for Liberal Alliance Fredensborg. Med p\u00e5 holdet f\u00e5r han Lars Balle Andersen som n\u00e6stformand, Helle Abild Hansen som sekret\u00e6r og Ole Brinkmann som kasserer, mens den \u00f8vrige bestyrelse best\u00e5r af Lise Kloster, Knus Bredbjerg, Erling Olsen og [&hellip;]<\/p>\n","protected":false},"author":10,"featured_media":0,"comment_status":"open","ping_status":"closed","sticky":false,"template":"","format":"standard","meta":{"footnotes":""},"categories":[1],"tags":[],"class_list":["post-8741","post","type-post","status-publish","format-standard","hentry","category-df-nyt-dk"],"_links":{"self":[{"href":"https:\/\/df-nyt.dk\/blog\/wp-json\/wp\/v2\/posts\/8741","targetHints":{"allow":["GET"]}}],"collection":[{"href":"https:\/\/df-nyt.dk\/blog\/wp-json\/wp\/v2\/posts"}],"about":[{"href":"https:\/\/df-nyt.dk\/blog\/wp-json\/wp\/v2\/types\/post"}],"author":[{"embeddable":true,"href":"https:\/\/df-nyt.dk\/blog\/wp-json\/wp\/v2\/users\/10"}],"replies":[{"embeddable":true,"href":"https:\/\/df-nyt.dk\/blog\/wp-json\/wp\/v2\/comments?post=8741"}],"version-history":[{"count":2,"href":"https:\/\/df-nyt.dk\/blog\/wp-json\/wp\/v2\/posts\/8741\/revisions"}],"predecessor-version":[{"id":106884,"href":"https:\/\/df-nyt.dk\/blog\/wp-json\/wp\/v2\/posts\/8741\/revisions\/106884"}],"wp:attachment":[{"href":"https:\/\/df-nyt.dk\/blog\/wp-json\/wp\/v2\/media?parent=8741"}],"wp:term":[{"taxonomy":"category","embeddable":true,"href":"https:\/\/df-nyt.dk\/blog\/wp-json\/wp\/v2\/categories?post=8741"},{"taxonomy":"post_tag","embeddable":true,"href":"https:\/\/df-nyt.dk\/blog\/wp-json\/wp\/v2\/tags?post=8741"}],"curies":[{"name":"wp","href":"https:\/\/api.w.org\/{rel}","templated":true}]}}