{"id":8809,"date":"2010-09-06T13:54:38","date_gmt":"2010-09-06T12:54:38","guid":{"rendered":"http:\/\/df-nyt.dk\/?p=8809"},"modified":"2018-07-22T22:01:11","modified_gmt":"2018-07-22T20:01:11","slug":"r-rigtig-diagnose-men-kuren-er-reformer","status":"publish","type":"post","link":"https:\/\/df-nyt.dk\/blog\/r-rigtig-diagnose-men-kuren-er-reformer\/","title":{"rendered":"R: Rigtig diagnose men kuren er reformer"},"content":{"rendered":"<p><strong>Radikale Venstre kan se mange lighedspunkter med Socialdemokraterne og SF&#8217;s finanslovsudspil.<\/strong><\/p>\n<p>Skriver de radikale i en pressemeddelse &#8211; og forts\u00e6tter.<\/p>\n<p>Ikke mindst n\u00e5r det kommer til behovet for at styrke folkeskolen og annullere regeringens massive besparelser p\u00e5 uddannelse og forskning.<\/p>\n<p>Men finansordf\u00f8rer, Morten \u00d8stergaard, \u00e6rgrer sig over frav\u00e6ret af reformer, som kan hj\u00e6lpe dansk \u00f8konomi p\u00e5 b\u00e5de kort og langt sigt.<\/p>\n<p>&#8220;Vi er meget tilfredse med, at oppositionen samles om at l\u00f8fte folkeskolen. Det er helt afg\u00f8rende.<\/p>\n<p>Vil man have dygtige og kreative elever, skal man ogs\u00e5 investere i dygtige l\u00e6rere.<\/p>\n<p>Vi er ogs\u00e5 enige i afskaffelsen af fattigdomsydelser som starthj\u00e6lpen, og vi glade for, at ogs\u00e5 S og SF vil annullere regeringens besparelser, der blandt andet rammer b\u00f8rnefamilier og uddannelse.<\/p>\n<p>Men vi savner reformer til at finansiere de gode ideer. Reformer som ogs\u00e5 kan bidrage til dansk \u00f8konomis langsigtede udfordringer,&#8221; siger Morten \u00d8stergaard.<\/p>\n<p><strong>&#8220;Vi er enige med S og SF i, at det er uansvarligt ikke at skabe r\u00e5derum til fortsat offentlig v\u00e6kst. <\/strong><\/p>\n<p>Men vi mener helt generelt, at udsigten til store underskud p\u00e5 de offentlige finanser g\u00f8r,<br \/>\nat r\u00e5derummet til ny velf\u00e6rd m\u00e5 finansieres af reformer frem for nye skatter.<\/p>\n<p>Tager vi hul p\u00e5 reformerne nu, kan vi b\u00e5de f\u00e5 et bidrag til vores aktuelle udfordringer og tage fat om de langsigtede problemer. Det er ansvarlig politik.<\/p>\n<p>Det er derfor, det \u00e6rgrer os, at S og SF ikke har taget reformerne med i deres finanslovsudspil,&#8221; siger Morten \u00d8stergaard.<\/p>\n<p>Morten \u00d8stergaard roser ogs\u00e5 lempelsen af multimedieskatten som et skridt i den rigtige retning, selvom Radikale Venstre helst s\u00e5 den helt afskaffet. Siger Morten \u00d8stergaard, if\u00f8lge en pressemeddelse fra Det Radikale Venstre.<\/p>\n<p><strong>L\u00e6s mere hos de Radikale\u00a0 <a href=\"http:\/\/radikale.dk\/\" target=\"_blank\">HER<\/a><\/strong><\/p>\n<p><strong>L\u00e6s ogs\u00e5, R: Finanslovsudspil med mere viden, v\u00e6kst og velf\u00e6rd. <a href=\"http:\/\/df-nyt.dk\/?p=8643\" target=\"_blank\">L\u00e6s det HER<\/a>&lt;&lt;<\/strong><\/p>\n<p>&nbsp;<\/p>\n","protected":false},"excerpt":{"rendered":"<p>Radikale Venstre kan se mange lighedspunkter med Socialdemokraterne og SF&#8217;s finanslovsudspil. Skriver de radikale i en pressemeddelse &#8211; og forts\u00e6tter. Ikke mindst n\u00e5r det kommer til behovet for at styrke folkeskolen og annullere regeringens massive besparelser p\u00e5 uddannelse og forskning. Men finansordf\u00f8rer, Morten \u00d8stergaard, \u00e6rgrer sig over frav\u00e6ret af reformer, som kan hj\u00e6lpe dansk \u00f8konomi [&hellip;]<\/p>\n","protected":false},"author":10,"featured_media":0,"comment_status":"open","ping_status":"closed","sticky":false,"template":"","format":"standard","meta":{"footnotes":""},"categories":[1],"tags":[],"class_list":["post-8809","post","type-post","status-publish","format-standard","hentry","category-df-nyt-dk"],"_links":{"self":[{"href":"https:\/\/df-nyt.dk\/blog\/wp-json\/wp\/v2\/posts\/8809","targetHints":{"allow":["GET"]}}],"collection":[{"href":"https:\/\/df-nyt.dk\/blog\/wp-json\/wp\/v2\/posts"}],"about":[{"href":"https:\/\/df-nyt.dk\/blog\/wp-json\/wp\/v2\/types\/post"}],"author":[{"embeddable":true,"href":"https:\/\/df-nyt.dk\/blog\/wp-json\/wp\/v2\/users\/10"}],"replies":[{"embeddable":true,"href":"https:\/\/df-nyt.dk\/blog\/wp-json\/wp\/v2\/comments?post=8809"}],"version-history":[{"count":1,"href":"https:\/\/df-nyt.dk\/blog\/wp-json\/wp\/v2\/posts\/8809\/revisions"}],"predecessor-version":[{"id":97748,"href":"https:\/\/df-nyt.dk\/blog\/wp-json\/wp\/v2\/posts\/8809\/revisions\/97748"}],"wp:attachment":[{"href":"https:\/\/df-nyt.dk\/blog\/wp-json\/wp\/v2\/media?parent=8809"}],"wp:term":[{"taxonomy":"category","embeddable":true,"href":"https:\/\/df-nyt.dk\/blog\/wp-json\/wp\/v2\/categories?post=8809"},{"taxonomy":"post_tag","embeddable":true,"href":"https:\/\/df-nyt.dk\/blog\/wp-json\/wp\/v2\/tags?post=8809"}],"curies":[{"name":"wp","href":"https:\/\/api.w.org\/{rel}","templated":true}]}}