{"id":88146,"date":"2017-07-04T13:10:31","date_gmt":"2017-07-04T11:10:31","guid":{"rendered":"http:\/\/df-nyt.dk\/?p=88146"},"modified":"2024-02-08T20:27:28","modified_gmt":"2024-02-08T19:27:28","slug":"hormonforstyrrende-skal-defineres","status":"publish","type":"post","link":"https:\/\/df-nyt.dk\/blog\/hormonforstyrrende-skal-defineres\/","title":{"rendered":"Hormonforstyrrende skal defineres"},"content":{"rendered":"<p><img loading=\"lazy\" decoding=\"async\" src=\"https:\/\/df-nyt.dk\/\/wp-content\/uploads\/2016\/09\/060920160358.png\" alt=\"060920160358\" width=\"303\" height=\"53\" \/><\/p>\n<p>Hormonforstyrrende skal defineres<br \/>\nTirsdag stemmer EU-landenes embedsm\u00e6nd om hvordan<br \/>\nman definerer hvad et hormonforstyrrende stof er. Skriver man i Margrete Aukens pressemeddelelse<\/p>\n<p>\u2013 og forts\u00e6tter.<br \/>\nI dag mangler man en definition hvilket g\u00f8r det umuligt at forbyde de skadelige stoffer.<\/p>\n<p>En r\u00e6kke lande, herunder Sverige, Frankrig og Danmark er g\u00e5et foran i kampen for at begr\u00e6nse brugen af de ofte kr\u00e6ftfremkaldende stoffer som findes i alt fra elektronik til kosmetik og beholdere til mad.<\/p>\n<p>Definitionen skal \u2013 i mods\u00e6tning til hvad Kommissionen l\u00e6gger op til &#8211; v\u00e6re striks og definere hvor farligt stoffet er s\u00e5 man hurtigt kan forbyde det, mener De Gr\u00f8nne.<\/p>\n<p>I 2015 afgjorde EU-Domstolen at Kommissionen har v\u00e6ret for langsom til<br \/>\nat definere hvad der g\u00f8r et stof hormonforstyrrende.<\/p>\n<p>Det var Sveriege der tog Kommissionen til domstolen &#8211; st\u00f8ttet af bl.a. Danmark, Frankrig og Holland.<\/p>\n<p><a href=\"https:\/\/euractiv.com\/section\/health-consumers\/news\/sweden-wins-case-against-commission-on-endocrine-disruptors\/\" target=\"_blank\" rel=\"noopener noreferrer\"><span style=\"text-decoration: underline;\">L\u00e6s mere her.<\/span><\/a><\/p>\n<p>For yderlig l\u00e6sning.<\/p>\n<p><a href=\"http:\/\/sf.dk\/\" target=\"_blank\" rel=\"noopener noreferrer\"><span style=\"text-decoration: underline;\">\/sf.dk \/seneste-nyt<\/span><\/a><br \/>\n&nbsp;<br \/>\n<a href=\"http:\/\/greens-efa.eu\/\" target=\"_blank\" rel=\"noopener noreferrer\"><span style=\"text-decoration: underline;\">Se den Gr\u00f8nne gruppe i parlamentet her<\/span><\/a><br \/>\n&nbsp;<\/p>\n","protected":false},"excerpt":{"rendered":"<p>Hormonforstyrrende skal defineres Tirsdag stemmer EU-landenes embedsm\u00e6nd om hvordan man definerer hvad et hormonforstyrrende stof er. Skriver man i Margrete Aukens pressemeddelelse \u2013 og forts\u00e6tter. I dag mangler man en definition hvilket g\u00f8r det umuligt at forbyde de skadelige stoffer. En r\u00e6kke lande, herunder Sverige, Frankrig og Danmark er g\u00e5et foran i kampen for at [&hellip;]<\/p>\n","protected":false},"author":10,"featured_media":0,"comment_status":"open","ping_status":"open","sticky":false,"template":"","format":"standard","meta":{"footnotes":""},"categories":[1],"tags":[],"class_list":["post-88146","post","type-post","status-publish","format-standard","hentry","category-df-nyt-dk"],"_links":{"self":[{"href":"https:\/\/df-nyt.dk\/blog\/wp-json\/wp\/v2\/posts\/88146","targetHints":{"allow":["GET"]}}],"collection":[{"href":"https:\/\/df-nyt.dk\/blog\/wp-json\/wp\/v2\/posts"}],"about":[{"href":"https:\/\/df-nyt.dk\/blog\/wp-json\/wp\/v2\/types\/post"}],"author":[{"embeddable":true,"href":"https:\/\/df-nyt.dk\/blog\/wp-json\/wp\/v2\/users\/10"}],"replies":[{"embeddable":true,"href":"https:\/\/df-nyt.dk\/blog\/wp-json\/wp\/v2\/comments?post=88146"}],"version-history":[{"count":2,"href":"https:\/\/df-nyt.dk\/blog\/wp-json\/wp\/v2\/posts\/88146\/revisions"}],"predecessor-version":[{"id":102690,"href":"https:\/\/df-nyt.dk\/blog\/wp-json\/wp\/v2\/posts\/88146\/revisions\/102690"}],"wp:attachment":[{"href":"https:\/\/df-nyt.dk\/blog\/wp-json\/wp\/v2\/media?parent=88146"}],"wp:term":[{"taxonomy":"category","embeddable":true,"href":"https:\/\/df-nyt.dk\/blog\/wp-json\/wp\/v2\/categories?post=88146"},{"taxonomy":"post_tag","embeddable":true,"href":"https:\/\/df-nyt.dk\/blog\/wp-json\/wp\/v2\/tags?post=88146"}],"curies":[{"name":"wp","href":"https:\/\/api.w.org\/{rel}","templated":true}]}}