{"id":8816,"date":"2010-09-06T14:17:31","date_gmt":"2010-09-06T13:17:31","guid":{"rendered":"http:\/\/df-nyt.dk\/?p=8816"},"modified":"2017-05-11T10:21:51","modified_gmt":"2017-05-11T08:21:51","slug":"sf-milliardl%c3%b8ft-til-kommunerne","status":"publish","type":"post","link":"https:\/\/df-nyt.dk\/blog\/sf-milliardl%c3%b8ft-til-kommunerne\/","title":{"rendered":"SF: Milliardl\u00f8ft til kommunerne"},"content":{"rendered":"<p><strong>Slut med nulv\u00e6kst og blodige nedsk\u00e6ringer p\u00e5 kernevelf\u00e6rden. <\/strong><\/p>\n<p>I SF\u2019s og S\u2019 nye finanslovsforslag afgives der 2,4 mia. kr. til bedre velf\u00e6rd i kommunerne i 2011.<\/p>\n<p>Skriver SF i en pressemeddelse &#8211; Og forts\u00e6tter.<\/p>\n<p>P\u00e5 den m\u00e5de kan det nuv\u00e6rende serviceniveau i kommunerne opretholdes samtidig med, at folkeskolen og forebyggelsesomr\u00e5det styrkes markant.<\/p>\n<p>\u201dVi vil ikke v\u00e6re med til regeringens og DF\u2019s krav om nulv\u00e6kst, der vil betyde alvorlige og uanst\u00e6ndige nedsk\u00e6ringer p\u00e5 b\u00f8rne \u2013 og \u00e6ldre omr\u00e5det, som vi her til efter\u00e5ret vil opleve utallige af eksempler p\u00e5.<\/p>\n<p>Vi vil i stedet forbedre den danske velf\u00e6rd og bl.a. styrke folkeskolen, \u201d siger SF\u2019s kommunalordf\u00f8rer Flemming Bonne og forts\u00e6tter:<\/p>\n<p>\u201dForuden bedre velf\u00e6rd vil S og SF ogs\u00e5 sikre st\u00f8rre handlefrihed i kommunerne.<\/p>\n<p>Vi vil f.eks. give kommunerne st\u00f8rre mulighed for at disponere over deres penge ved fler\u00e5rige \u00f8konomiaftaler.<\/p>\n<p>Vi kr\u00e6ver til geng\u00e6ld, at kommunerne gennemf\u00f8rer en effektiviseringsindsats, som skaber flere h\u00e6nder i \u00e6ldreomsorgen, daginstitutionerne og folkeskolen.<\/p>\n<p>dvs. effektivisering via afbureaukratisering. S\u00e5 sikrer vi ogs\u00e5 velf\u00e6rden i fremtiden.&#8221; Siger SF\u2019s kommunalordf\u00f8rer Flemming Bonne, if\u00f8lge en pressemeddelse fra SF<\/p>\n<p><strong>L\u00e6s mere fra SF &gt;&gt;<a href=\"http:\/\/www.sf.dk\/\" target=\"_blank\" rel=\"noopener noreferrer\">HER<\/a>&lt;&lt;<\/strong><\/p>\n<p><strong>L\u00e6s ogs\u00e5, Gr\u00e5dige banker truer dankortet. &gt;&gt;<a href=\"http:\/\/df-nyt.dk\/?p=8250\">L\u00e6s det HER<\/a>&lt;&lt;<\/strong><\/p>\n<p><strong>*****************************************************<\/strong><\/p>\n","protected":false},"excerpt":{"rendered":"<p>Slut med nulv\u00e6kst og blodige nedsk\u00e6ringer p\u00e5 kernevelf\u00e6rden. I SF\u2019s og S\u2019 nye finanslovsforslag afgives der 2,4 mia. kr. til bedre velf\u00e6rd i kommunerne i 2011. Skriver SF i en pressemeddelse &#8211; Og forts\u00e6tter. P\u00e5 den m\u00e5de kan det nuv\u00e6rende serviceniveau i kommunerne opretholdes samtidig med, at folkeskolen og forebyggelsesomr\u00e5det styrkes markant. \u201dVi vil ikke [&hellip;]<\/p>\n","protected":false},"author":10,"featured_media":0,"comment_status":"open","ping_status":"closed","sticky":false,"template":"","format":"standard","meta":{"footnotes":""},"categories":[1],"tags":[],"class_list":["post-8816","post","type-post","status-publish","format-standard","hentry","category-df-nyt-dk"],"_links":{"self":[{"href":"https:\/\/df-nyt.dk\/blog\/wp-json\/wp\/v2\/posts\/8816","targetHints":{"allow":["GET"]}}],"collection":[{"href":"https:\/\/df-nyt.dk\/blog\/wp-json\/wp\/v2\/posts"}],"about":[{"href":"https:\/\/df-nyt.dk\/blog\/wp-json\/wp\/v2\/types\/post"}],"author":[{"embeddable":true,"href":"https:\/\/df-nyt.dk\/blog\/wp-json\/wp\/v2\/users\/10"}],"replies":[{"embeddable":true,"href":"https:\/\/df-nyt.dk\/blog\/wp-json\/wp\/v2\/comments?post=8816"}],"version-history":[{"count":0,"href":"https:\/\/df-nyt.dk\/blog\/wp-json\/wp\/v2\/posts\/8816\/revisions"}],"wp:attachment":[{"href":"https:\/\/df-nyt.dk\/blog\/wp-json\/wp\/v2\/media?parent=8816"}],"wp:term":[{"taxonomy":"category","embeddable":true,"href":"https:\/\/df-nyt.dk\/blog\/wp-json\/wp\/v2\/categories?post=8816"},{"taxonomy":"post_tag","embeddable":true,"href":"https:\/\/df-nyt.dk\/blog\/wp-json\/wp\/v2\/tags?post=8816"}],"curies":[{"name":"wp","href":"https:\/\/api.w.org\/{rel}","templated":true}]}}