{"id":88172,"date":"2017-07-05T14:18:08","date_gmt":"2017-07-05T12:18:08","guid":{"rendered":"http:\/\/df-nyt.dk\/?p=88172"},"modified":"2024-02-08T20:26:43","modified_gmt":"2024-02-08T19:26:43","slug":"de-blinde-skal-have-boeger","status":"publish","type":"post","link":"https:\/\/df-nyt.dk\/blog\/de-blinde-skal-have-boeger\/","title":{"rendered":"De blinde skal have b\u00f8ger"},"content":{"rendered":"<p><img loading=\"lazy\" decoding=\"async\" src=\"https:\/\/df-nyt.dk\/\/wp-content\/uploads\/2016\/09\/060920160358.png\" alt=\"060920160358\" width=\"303\" height=\"53\" \/><\/p>\n<p>De blinde skal have b\u00f8ger<br \/>\nMarrakesh-traktaten om undtagelser fra den almindelige ophavsret for b\u00f8ger til blinde og synshandicappede skal vedtages som EU-lov. Skriver man i Margrete Aukens pressemeddelelse<\/p>\n<p>\u2013og forts\u00e6tter.<br \/>\nDet er en sag Margrete har arbejdet med over fem \u00e5r og som nu endelig er ved at lykkes.<\/p>\n<p>Den vil betyde at blinde i hele verden kan dele b\u00f8ger frit i et format de kan h\u00f8re og l\u00e6se.<\/p>\n<p>Torsdag forventer vi at direktivet og forordningen som g\u00f8r traktaten til lov i alle EU-lande, vedtages med stort flertal i Parlamentet.<\/p>\n<p>Det er en k\u00e6mpe sejr for De Gr\u00f8nne og for Margrete som havde kamp til stregen under trilogforhandlingerne med R\u00e5det (regeringerne) der er blevet lobbyet heftigt og effektivt af copyright-indehaverne.<\/p>\n<p>Markedet er stadigv\u00e6k lille, og tabet for \u2019rettighedshaverne\u2019 bagatelagtigt hvis det overhovedet er der, men alligevel har kampen v\u00e6ret urimeligt sej, is\u00e6r har Tyskland, Storbritannien og Danmark k\u00e6mpet imod, iskolde overfor om blinde f\u00e5r samme mulighed for adgang til l\u00e6semateriale som os andre.<\/p>\n<p>Onsdag kl 15:00 kan du se pressekonference med Margretes gr\u00f8nne kollega Max Andersson fra Sverige og Wolfgang Angermann fra European Blind Union <a href=\"http:\/\/europarl.europa.eu\/ep-live\/en\/other-events\/video?event=20170705-1500-SPECIAL-UNKN\" target=\"_blank\" rel=\"noopener noreferrer\"><span style=\"text-decoration: underline;\">via linket her<\/span><\/a>.<\/p>\n<p>For yderlig l\u00e6sning.<\/p>\n<p><a href=\"http:\/\/sf.dk\/\" target=\"_blank\" rel=\"noopener noreferrer\"><span style=\"text-decoration: underline;\">Seneste nyt fra SF<\/span><\/a><br \/>\n&nbsp;<br \/>\n<a href=\"http:\/\/greens-efa.eu\/\" target=\"_blank\" rel=\"noopener noreferrer\"><span style=\"text-decoration: underline;\">Se den Gr\u00f8nne gruppe i parlamentet her<\/span><\/a><br \/>\n&nbsp;<\/p>\n","protected":false},"excerpt":{"rendered":"<p>De blinde skal have b\u00f8ger Marrakesh-traktaten om undtagelser fra den almindelige ophavsret for b\u00f8ger til blinde og synshandicappede skal vedtages som EU-lov. Skriver man i Margrete Aukens pressemeddelelse \u2013og forts\u00e6tter. Det er en sag Margrete har arbejdet med over fem \u00e5r og som nu endelig er ved at lykkes. Den vil betyde at blinde i [&hellip;]<\/p>\n","protected":false},"author":10,"featured_media":0,"comment_status":"open","ping_status":"open","sticky":false,"template":"","format":"standard","meta":{"footnotes":""},"categories":[1],"tags":[],"class_list":["post-88172","post","type-post","status-publish","format-standard","hentry","category-df-nyt-dk"],"_links":{"self":[{"href":"https:\/\/df-nyt.dk\/blog\/wp-json\/wp\/v2\/posts\/88172","targetHints":{"allow":["GET"]}}],"collection":[{"href":"https:\/\/df-nyt.dk\/blog\/wp-json\/wp\/v2\/posts"}],"about":[{"href":"https:\/\/df-nyt.dk\/blog\/wp-json\/wp\/v2\/types\/post"}],"author":[{"embeddable":true,"href":"https:\/\/df-nyt.dk\/blog\/wp-json\/wp\/v2\/users\/10"}],"replies":[{"embeddable":true,"href":"https:\/\/df-nyt.dk\/blog\/wp-json\/wp\/v2\/comments?post=88172"}],"version-history":[{"count":2,"href":"https:\/\/df-nyt.dk\/blog\/wp-json\/wp\/v2\/posts\/88172\/revisions"}],"predecessor-version":[{"id":102689,"href":"https:\/\/df-nyt.dk\/blog\/wp-json\/wp\/v2\/posts\/88172\/revisions\/102689"}],"wp:attachment":[{"href":"https:\/\/df-nyt.dk\/blog\/wp-json\/wp\/v2\/media?parent=88172"}],"wp:term":[{"taxonomy":"category","embeddable":true,"href":"https:\/\/df-nyt.dk\/blog\/wp-json\/wp\/v2\/categories?post=88172"},{"taxonomy":"post_tag","embeddable":true,"href":"https:\/\/df-nyt.dk\/blog\/wp-json\/wp\/v2\/tags?post=88172"}],"curies":[{"name":"wp","href":"https:\/\/api.w.org\/{rel}","templated":true}]}}