{"id":88219,"date":"2017-07-06T07:21:49","date_gmt":"2017-07-06T05:21:49","guid":{"rendered":"http:\/\/df-nyt.dk\/?p=88219"},"modified":"2024-02-08T21:43:26","modified_gmt":"2024-02-08T20:43:26","slug":"skibsophug-med-respekt-for-miljoeet","status":"publish","type":"post","link":"https:\/\/df-nyt.dk\/blog\/skibsophug-med-respekt-for-miljoeet\/","title":{"rendered":"Skibsophug med respekt for milj\u00f8et"},"content":{"rendered":"<p><img loading=\"lazy\" decoding=\"async\" src=\"https:\/\/df-nyt.dk\/\/wp-content\/uploads\/2016\/09\/060920160358.png\" alt=\"060920160358\" width=\"309\" height=\"81\" \/><\/p>\n<p>Skibsophug med respekt for milj\u00f8et<br \/>\nI den foreg\u00e5ende uge var Margrete v\u00e6rt for en udstilling i Parlamentet og for en konference om skibsophug. Skriver man i Margrete Aukens pressemeddelelse <\/p>\n<p>\u2013og forts\u00e6tter<br \/>\nBegge arrangementer var foranlediget af den ballade det skabte da det i efter\u00e5ret kom frem at M\u00e6rsk begyndt at f\u00e5 deres skibe ophugget p\u00e5 strandene i Sydasien i stedet for under sikre og milj\u00f8venlige forhold p\u00e5 ordentlige t\u00f8rdokker &#8211; i overensstemmelse med EU-forordningen. <\/p>\n<p><img loading=\"lazy\" decoding=\"async\" src=\"https:\/\/df-nyt.dk\/\/wp-content\/uploads\/2017\/07\/060720170717.png\" alt=\"\" width=\"238\" height=\"279\" \/><\/p>\n<p>Emnet for konferencen var ogs\u00e5 at en stor m\u00e6ngde af olie- og boreplatforme st\u00e5r foran at skulle ophugges og at der ligesom for skibe er smuthuller i loven der g\u00f8r det sv\u00e6rt at sikre at de bliver ophugget med respekt for milj\u00f8sikkerhed og arbejdstagerrettigheder.<\/p>\n<p>Men omvendt er der ogs\u00e5 gode muligheder for at udbygge de europ\u00e6iske v\u00e6rfter: T\u00e6nk om Frederikshavn kunne tage imod b\u00e5de skibe og platforme fra Nords\u00f8en, det vil der v\u00e6re mange moderne job i. <\/p>\n<p>Endnu har vi dog kun oplevet sporadisk interesse \u2013 men det bedrer sig forh\u00e5bentlig. <\/p>\n<p>Men rederierne var st\u00e6rkt repr\u00e6senteret p\u00e5 konferencen, og der var en heftig debat imellem panelet og tilh\u00f8rerne. <\/p>\n<p>Men rederierne har, deres st\u00f8rrelse og magt til trods, en svag sag. <\/p>\n<p>EU-loven er klar, og hverken de Gr\u00f8nne med Margrete eller parlamentsflertallet \u2013 eller Kommissionen &#8211; har t\u00e6nkt sig at lade M\u00e6rsk og andre europ\u00e6iske rederier komme af sted med at f\u00e5 lovliggjort ophugning p\u00e5 strande nogen steder. <\/p>\n<p>Arbejdet med at f\u00e5 lukket smuthullerne forts\u00e6tter.<\/p>\n<p>For yderlig l\u00e6sning.<\/p>\n<p><a href=\"https:\/\/df-nyt.dk\/regeringen-maa-soerge-for-at-maersk-staar-til-ansvar-for-sine-handlinger\/\" target=\"_blank\" rel=\"noopener noreferrer\"><span style=\"text-decoration: underline;\">Regeringen m\u00e5 s\u00f8rge for at M\u00e6rsk st\u00e5r til ansvar for sine handlinger<\/span><\/a><br \/>\n&nbsp;<br \/>\n<a href=\"http:\/\/sf.dk\/\" target=\"_blank\" rel=\"noopener noreferrer\"><span style=\"text-decoration: underline;\">\/sf.dk \/seneste-nyt<\/span><\/a><br \/>\n&nbsp;<br \/>\n<a href=\"http:\/\/greens-efa.eu\/\" target=\"_blank\" rel=\"noopener noreferrer\"><span style=\"text-decoration: underline;\">Se den Gr\u00f8nne gruppe i parlamentet her<\/span><\/a><br \/>\n&nbsp;<\/p>\n","protected":false},"excerpt":{"rendered":"<p>Skibsophug med respekt for milj\u00f8et I den foreg\u00e5ende uge var Margrete v\u00e6rt for en udstilling i Parlamentet og for en konference om skibsophug. Skriver man i Margrete Aukens pressemeddelelse \u2013og forts\u00e6tter Begge arrangementer var foranlediget af den ballade det skabte da det i efter\u00e5ret kom frem at M\u00e6rsk begyndt at f\u00e5 deres skibe ophugget p\u00e5 [&hellip;]<\/p>\n","protected":false},"author":10,"featured_media":0,"comment_status":"open","ping_status":"open","sticky":false,"template":"","format":"standard","meta":{"footnotes":""},"categories":[1],"tags":[],"class_list":["post-88219","post","type-post","status-publish","format-standard","hentry","category-df-nyt-dk"],"_links":{"self":[{"href":"https:\/\/df-nyt.dk\/blog\/wp-json\/wp\/v2\/posts\/88219","targetHints":{"allow":["GET"]}}],"collection":[{"href":"https:\/\/df-nyt.dk\/blog\/wp-json\/wp\/v2\/posts"}],"about":[{"href":"https:\/\/df-nyt.dk\/blog\/wp-json\/wp\/v2\/types\/post"}],"author":[{"embeddable":true,"href":"https:\/\/df-nyt.dk\/blog\/wp-json\/wp\/v2\/users\/10"}],"replies":[{"embeddable":true,"href":"https:\/\/df-nyt.dk\/blog\/wp-json\/wp\/v2\/comments?post=88219"}],"version-history":[{"count":3,"href":"https:\/\/df-nyt.dk\/blog\/wp-json\/wp\/v2\/posts\/88219\/revisions"}],"predecessor-version":[{"id":106162,"href":"https:\/\/df-nyt.dk\/blog\/wp-json\/wp\/v2\/posts\/88219\/revisions\/106162"}],"wp:attachment":[{"href":"https:\/\/df-nyt.dk\/blog\/wp-json\/wp\/v2\/media?parent=88219"}],"wp:term":[{"taxonomy":"category","embeddable":true,"href":"https:\/\/df-nyt.dk\/blog\/wp-json\/wp\/v2\/categories?post=88219"},{"taxonomy":"post_tag","embeddable":true,"href":"https:\/\/df-nyt.dk\/blog\/wp-json\/wp\/v2\/tags?post=88219"}],"curies":[{"name":"wp","href":"https:\/\/api.w.org\/{rel}","templated":true}]}}