{"id":8833,"date":"2010-09-06T16:32:31","date_gmt":"2010-09-06T15:32:31","guid":{"rendered":"http:\/\/df-nyt.dk\/?p=8833"},"modified":"2025-07-03T08:49:44","modified_gmt":"2025-07-03T06:49:44","slug":"er-man-maske-lige-lidt-m%c3%a6rkelig","status":"publish","type":"post","link":"https:\/\/df-nyt.dk\/blog\/er-man-maske-lige-lidt-m%c3%a6rkelig\/","title":{"rendered":"Er man m\u00e5ske lige, lidt m\u00e6rkelig?"},"content":{"rendered":"<p><img loading=\"lazy\" decoding=\"async\" class=\"alignleft size-full \" src=\"https:\/\/df-nyt.dk\/blog\/wp-content\/uploads\/100620130927.png\" alt=\"100620130927\" width=\"329\" height=\"263\" \/><\/p>\n<p>Citat: Patrick Odvig er helt med p\u00e5, at tatoveringerne er ganske enest\u00e5ende.<\/p>\n<p>Men han har hverken vr\u00f8vl med k\u00e6resten og deres fire b\u00f8rn, familie eller venner p\u00e5 grund af tatoveringerne eller sit medlemskab af Dansk Folkeparti.<\/p>\n<p>\u201dDe er alle sammen DF\u2019ere\u201d, griner Patrick Odvig. S\u00e5 bliver han et kort \u00f8jeblik alvorlig.<\/p>\n<p>\u201dMen inde p\u00e5 Borgen skal jeg naturligvis optr\u00e6de neutralt. Derfor er mine tatoveringer placeret, s\u00e5 de ikke kan ses, n\u00e5r jeg har trukket i arbejdst\u00f8jet. N\u00e5r jeg har fri, kan jeg godt finde p\u00e5 at vise venstre overarm og Pia Kj\u00e6rsgaards navn.\u201d<\/p>\n<p>Klippet og citatet er fra Dansk Folkepartis medlemsblad som du kan se der<br \/>\n\/\/www.danskfolkeparti.dk\/pictures_org\/DF%2003-2010_web(4).pdf&#8221;<\/p>\n<p>For yderlig l\u00e6sning.<br \/>\n<span style=\"text-decoration: underline;\"><a href=\"http:\/\/df-nyt.dk\/?p=8705\">Farshad Kholghi og Sverigedemokraterna. L\u00e6s det HER<\/a><\/span><br \/>\n&nbsp;<\/p>\n","protected":false},"excerpt":{"rendered":"<p>Citat: Patrick Odvig er helt med p\u00e5, at tatoveringerne er ganske enest\u00e5ende. Men han har hverken vr\u00f8vl med k\u00e6resten og deres fire b\u00f8rn, familie eller venner p\u00e5 grund af tatoveringerne eller sit medlemskab af Dansk Folkeparti. \u201dDe er alle sammen DF\u2019ere\u201d, griner Patrick Odvig. S\u00e5 bliver han et kort \u00f8jeblik alvorlig. \u201dMen inde p\u00e5 Borgen [&hellip;]<\/p>\n","protected":false},"author":10,"featured_media":0,"comment_status":"open","ping_status":"closed","sticky":false,"template":"","format":"standard","meta":{"footnotes":""},"categories":[1],"tags":[],"class_list":["post-8833","post","type-post","status-publish","format-standard","hentry","category-df-nyt-dk"],"_links":{"self":[{"href":"https:\/\/df-nyt.dk\/blog\/wp-json\/wp\/v2\/posts\/8833","targetHints":{"allow":["GET"]}}],"collection":[{"href":"https:\/\/df-nyt.dk\/blog\/wp-json\/wp\/v2\/posts"}],"about":[{"href":"https:\/\/df-nyt.dk\/blog\/wp-json\/wp\/v2\/types\/post"}],"author":[{"embeddable":true,"href":"https:\/\/df-nyt.dk\/blog\/wp-json\/wp\/v2\/users\/10"}],"replies":[{"embeddable":true,"href":"https:\/\/df-nyt.dk\/blog\/wp-json\/wp\/v2\/comments?post=8833"}],"version-history":[{"count":4,"href":"https:\/\/df-nyt.dk\/blog\/wp-json\/wp\/v2\/posts\/8833\/revisions"}],"predecessor-version":[{"id":108533,"href":"https:\/\/df-nyt.dk\/blog\/wp-json\/wp\/v2\/posts\/8833\/revisions\/108533"}],"wp:attachment":[{"href":"https:\/\/df-nyt.dk\/blog\/wp-json\/wp\/v2\/media?parent=8833"}],"wp:term":[{"taxonomy":"category","embeddable":true,"href":"https:\/\/df-nyt.dk\/blog\/wp-json\/wp\/v2\/categories?post=8833"},{"taxonomy":"post_tag","embeddable":true,"href":"https:\/\/df-nyt.dk\/blog\/wp-json\/wp\/v2\/tags?post=8833"}],"curies":[{"name":"wp","href":"https:\/\/api.w.org\/{rel}","templated":true}]}}