{"id":88330,"date":"2017-07-10T20:51:50","date_gmt":"2017-07-10T18:51:50","guid":{"rendered":"http:\/\/df-nyt.dk\/?p=88330"},"modified":"2026-02-16T00:46:17","modified_gmt":"2026-02-15T23:46:17","slug":"bogen-fra-min-tid-af-preben-wilhjelm","status":"publish","type":"post","link":"https:\/\/df-nyt.dk\/blog\/bogen-fra-min-tid-af-preben-wilhjelm\/","title":{"rendered":"Bogen, \u2019Fra min tid\u2019 af Preben Wilhjelm"},"content":{"rendered":"<p><img loading=\"lazy\" decoding=\"async\" class=\"aligncenter size-full \" src=\"http:\/\/df-nyt.dk\/\/wp-content\/uploads\/2017\/07\/100720172038.png\" alt=\"\" width=\"175\" height=\"226\" \/><\/p>\n<p>Bogen, \u2019Fra min tid\u2019 af Preben Wilhjelm<br \/>\nI 1950 var der kun ca. 6 % af en \u00e5rgang som sendte b\u00f8rn i gymnasiet.<\/p>\n<p>Desuden var rekrutteringen meget sk\u00e6v, da kun en ud af tyve studenter kom fra den \u00f8konomisk d\u00e5rligst stillede halvdel af befolkningen.<\/p>\n<p>Det var normalt, at man 16\u00e5rs alderen m\u00e5tte klare sig selv, uden \u00f8konomisk st\u00f8tte hjemmefra.<\/p>\n<p>Ungdommens Uddannelsesfond (Den senere SU) blev indf\u00f8rt i 1951 og bel\u00f8bet man havde vedtaget at afs\u00e6tte var p\u00e5 1,5 million kroner.<\/p>\n<p>Bel\u00f8bet var naturligvis, helt utilstr\u00e6kkeligt, men hvor kom initiativet til oprettelsen af,<br \/>\nUngdommens Uddannelsesfond, fra?<\/p>\n<p>Det var ikke det store arbejderparti, Socialdemokratiet, der var ophavsmand, men derimod<br \/>\nVK-regeringens fremsynede Konservative undervisningsminister, Flemming Hvidbjerg,<br \/>\nder i 1951 inds\u00e5 at samfundet ikke i det lange l\u00f8b, kunne klare sig hvis h\u00f8jtuddannede fortsat, &#8211; kun kunne rekrutteres fra de mere velst\u00e5ende familier.<\/p>\n<p>Skolegang i 1953, kunne godt v\u00e6re noget med, undervisning hver anden dag, eksempelvis, mandag, onsdag og fredag i provinsen, selv om den skoleform var officielt afskaffet med folkeskoleloven af 1934.<\/p>\n<p>De indremissionske traditioner, med inderlig bordb\u00f8n, ved hvert m\u00e5ltid og opl\u00e6sning af dagens bibeltekst om s\u00f8ndagen, i en tilv\u00e6relse hvor missionshuset dannede fritidens faste rammer \u2013 l\u00e5 som en tung fjerdyne over de nationale lokaliteter i omegnen af Silkeborg-Viborg-Herning-trekanten.<\/p>\n<p>Nymodens p\u00e5fund fra Kj\u00f8benhavn havde vanskeligt ved, at finde fodf\u00e6ste.<\/p>\n<p>Referance<br \/>\nBogen, \u2019Fra min tid\u2019 af Preben Wilhjelm<\/p>\n<p>Du kan l\u00e6se mere fra bogen gratis, <a href=\"https:\/\/books.google.dk\/books?id=1b4Zf4XL4O8C&amp;printsec=frontcover&amp;hl=da#v=onepage&amp;q&amp;f=false\" target=\"_blank\" rel=\"noopener\"><span style=\"text-decoration: underline;\">p\u00e5 Google B\u00f8ger<\/span><\/a><\/p>\n<p>Og &#8211; Ellers kan du l\u00e5ne den p\u00e5 biblioteket<br \/>\nDen er l\u00e6sev\u00e6rdig sjov og samfundsbeskrivende<br \/>\n&nbsp;<br \/>\nFor yderlig l\u00e6sning<\/p>\n<p><a href=\"https:\/\/df-nyt.dk\/det-konservative-folkeparti-for-talentloese-tanter\/\" target=\"_blank\" rel=\"noopener\"><span style=\"text-decoration: underline;\">Det Konservative Folkeparti for talentl\u00f8se tanter<\/span><\/a><br \/>\n&nbsp;<\/p>\n","protected":false},"excerpt":{"rendered":"<p>Bogen, \u2019Fra min tid\u2019 af Preben Wilhjelm I 1950 var der kun ca. 6 % af en \u00e5rgang som sendte b\u00f8rn i gymnasiet. Desuden var rekrutteringen meget sk\u00e6v, da kun en ud af tyve studenter kom fra den \u00f8konomisk d\u00e5rligst stillede halvdel af befolkningen. Det var normalt, at man 16\u00e5rs alderen m\u00e5tte klare sig selv, [&hellip;]<\/p>\n","protected":false},"author":10,"featured_media":0,"comment_status":"open","ping_status":"open","sticky":false,"template":"","format":"standard","meta":{"footnotes":""},"categories":[1],"tags":[],"class_list":["post-88330","post","type-post","status-publish","format-standard","hentry","category-df-nyt-dk"],"_links":{"self":[{"href":"https:\/\/df-nyt.dk\/blog\/wp-json\/wp\/v2\/posts\/88330","targetHints":{"allow":["GET"]}}],"collection":[{"href":"https:\/\/df-nyt.dk\/blog\/wp-json\/wp\/v2\/posts"}],"about":[{"href":"https:\/\/df-nyt.dk\/blog\/wp-json\/wp\/v2\/types\/post"}],"author":[{"embeddable":true,"href":"https:\/\/df-nyt.dk\/blog\/wp-json\/wp\/v2\/users\/10"}],"replies":[{"embeddable":true,"href":"https:\/\/df-nyt.dk\/blog\/wp-json\/wp\/v2\/comments?post=88330"}],"version-history":[{"count":8,"href":"https:\/\/df-nyt.dk\/blog\/wp-json\/wp\/v2\/posts\/88330\/revisions"}],"predecessor-version":[{"id":111832,"href":"https:\/\/df-nyt.dk\/blog\/wp-json\/wp\/v2\/posts\/88330\/revisions\/111832"}],"wp:attachment":[{"href":"https:\/\/df-nyt.dk\/blog\/wp-json\/wp\/v2\/media?parent=88330"}],"wp:term":[{"taxonomy":"category","embeddable":true,"href":"https:\/\/df-nyt.dk\/blog\/wp-json\/wp\/v2\/categories?post=88330"},{"taxonomy":"post_tag","embeddable":true,"href":"https:\/\/df-nyt.dk\/blog\/wp-json\/wp\/v2\/tags?post=88330"}],"curies":[{"name":"wp","href":"https:\/\/api.w.org\/{rel}","templated":true}]}}