{"id":88365,"date":"2017-07-11T15:41:14","date_gmt":"2017-07-11T13:41:14","guid":{"rendered":"http:\/\/df-nyt.dk\/?p=88365"},"modified":"2024-02-08T21:41:03","modified_gmt":"2024-02-08T20:41:03","slug":"sidste-nyt-om-cirkulaer-oekonomi","status":"publish","type":"post","link":"https:\/\/df-nyt.dk\/blog\/sidste-nyt-om-cirkulaer-oekonomi\/","title":{"rendered":"Sidste nyt om cirkul\u00e6r \u00f8konomi"},"content":{"rendered":"<p><img loading=\"lazy\" decoding=\"async\" class=\"size-full  alignnone\" src=\"https:\/\/df-nyt.dk\/wp-content\/uploads\/2016\/09\/060920160358.png\" alt=\"\" width=\"303\" height=\"53\" \/><\/p>\n<p>Sidste nyt om cirkul\u00e6r \u00f8konomi<br \/>\nTirsdag morgen fik udvalget en opdatering p\u00e5 hvordan de s\u00e5kaldte trilog-forhandlinger forl\u00f8ber om den store cirkul\u00e6r \u00f8konomi-pakke som Parlamentet vedtog forhandlingsmandat til i Strasbourg i marts. Skriver man i Margrete Aukens pressemeddelelse<\/p>\n<p>\u2013og forts\u00e6tter.<br \/>\nDe f\u00f8rste forhandlinger imellem Kommissionen, R\u00e5det (regeringerne) og Parlamentet<br \/>\nblev holdt den 30. maj, efter R\u00e5det fastlagde sin position den 19. maj.<\/p>\n<p>Hovedtemaer for forhandlingerne vil blandt andet v\u00e6re definitioner, bindende m\u00e5ls\u00e6tninger, beregnings-metoder og forebyggelse.<\/p>\n<p>Parlamentet arbejder for eksempel for m\u00e5ls\u00e6tninger om<br \/>\n30 procent reduktion af f\u00f8devarespild i 2025 og 50 procent i 2030.<\/p>\n<p>R\u00e5det og Parlamentet f\u00e5r sv\u00e6rt ved at blive enige, selvom overdragelsen af formandskabet for R\u00e5det fra Malta til Estland giver nyt h\u00e5b.<\/p>\n<p>Nu har forhandlerne seks m\u00e5neder til at f\u00e5 en aftale i hus, inden formandskabet s\u00e5 overg\u00e5r til Bulgarien. Hvis det kommer dertil vil det v\u00e6re et stort tilbageslag for den gr\u00f8nne dagsorden.<\/p>\n<p>For yderlig l\u00e6sning<\/p>\n<p><a href=\"https:\/\/sf.dk\/\" target=\"_blank\" rel=\"noopener noreferrer\"><span style=\"text-decoration: underline;\"> Seneste nyt fra SF<\/span><\/a><\/p>\n<p><a href=\"https:\/\/greens-efa.eu\/en\/\" target=\"_blank\" rel=\"noopener noreferrer\"><span style=\"text-decoration: underline;\">Se den Gr\u00f8nne gruppe i parlamentet her<\/span><\/a><\/p>\n","protected":false},"excerpt":{"rendered":"<p>Sidste nyt om cirkul\u00e6r \u00f8konomi Tirsdag morgen fik udvalget en opdatering p\u00e5 hvordan de s\u00e5kaldte trilog-forhandlinger forl\u00f8ber om den store cirkul\u00e6r \u00f8konomi-pakke som Parlamentet vedtog forhandlingsmandat til i Strasbourg i marts. Skriver man i Margrete Aukens pressemeddelelse \u2013og forts\u00e6tter. De f\u00f8rste forhandlinger imellem Kommissionen, R\u00e5det (regeringerne) og Parlamentet blev holdt den 30. maj, efter R\u00e5det [&hellip;]<\/p>\n","protected":false},"author":10,"featured_media":0,"comment_status":"open","ping_status":"open","sticky":false,"template":"","format":"standard","meta":{"footnotes":""},"categories":[1],"tags":[],"class_list":["post-88365","post","type-post","status-publish","format-standard","hentry","category-df-nyt-dk"],"_links":{"self":[{"href":"https:\/\/df-nyt.dk\/blog\/wp-json\/wp\/v2\/posts\/88365","targetHints":{"allow":["GET"]}}],"collection":[{"href":"https:\/\/df-nyt.dk\/blog\/wp-json\/wp\/v2\/posts"}],"about":[{"href":"https:\/\/df-nyt.dk\/blog\/wp-json\/wp\/v2\/types\/post"}],"author":[{"embeddable":true,"href":"https:\/\/df-nyt.dk\/blog\/wp-json\/wp\/v2\/users\/10"}],"replies":[{"embeddable":true,"href":"https:\/\/df-nyt.dk\/blog\/wp-json\/wp\/v2\/comments?post=88365"}],"version-history":[{"count":2,"href":"https:\/\/df-nyt.dk\/blog\/wp-json\/wp\/v2\/posts\/88365\/revisions"}],"predecessor-version":[{"id":102734,"href":"https:\/\/df-nyt.dk\/blog\/wp-json\/wp\/v2\/posts\/88365\/revisions\/102734"}],"wp:attachment":[{"href":"https:\/\/df-nyt.dk\/blog\/wp-json\/wp\/v2\/media?parent=88365"}],"wp:term":[{"taxonomy":"category","embeddable":true,"href":"https:\/\/df-nyt.dk\/blog\/wp-json\/wp\/v2\/categories?post=88365"},{"taxonomy":"post_tag","embeddable":true,"href":"https:\/\/df-nyt.dk\/blog\/wp-json\/wp\/v2\/tags?post=88365"}],"curies":[{"name":"wp","href":"https:\/\/api.w.org\/{rel}","templated":true}]}}