{"id":88376,"date":"2017-07-11T19:20:39","date_gmt":"2017-07-11T17:20:39","guid":{"rendered":"http:\/\/df-nyt.dk\/?p=88376"},"modified":"2024-02-08T21:38:48","modified_gmt":"2024-02-08T20:38:48","slug":"sf-tager-esben-lunde-larsens-havbrug-til-eu-parlamentet","status":"publish","type":"post","link":"https:\/\/df-nyt.dk\/blog\/sf-tager-esben-lunde-larsens-havbrug-til-eu-parlamentet\/","title":{"rendered":"SF\u00a0tager Esben Lunde Larsens havbrug til EU-Parlamentet"},"content":{"rendered":"<p><img loading=\"lazy\" decoding=\"async\" class=\"alignnon size-full \" src=\"https:\/\/df-nyt.dk\/wp-content\/uploads\/2016\/09\/060920160358.png\" alt=\"\" width=\"309\" height=\"81\" \/><\/p>\n<p>SF\u00a0tager Esben Lunde Larsens havbrug til EU-Parlamentet.<br \/>\nSom beskrevet i tidligere har SFs lokalpolitikere Mads Nikolajsen (Norddjurs), Ulla Holm (Sams\u00f8) og Kirstine Bille (Syddjurs) indgivet en klage til Parlamentets borgerklageudvalg (Petition). Skriver man i Margrete Aukens pressemeddelelse <\/p>\n<p>\u2013og forts\u00e6tter.<br \/>\nUdvalget har nu vedtaget at den skal behandles som en hasteprocedure s\u00e5 der kan komme en afg\u00f8relse inden havbrugene bliver en realitet og der sker yderligere skade p\u00e5 vores hav- og vandmilj\u00f8 i Danmark.<\/p>\n<p><img loading=\"lazy\" decoding=\"async\" class=\"\" src=\"https:\/\/df-nyt.dk\/\/wp-content\/uploads\/2017\/07\/110720171939.png\" alt=\"\" width=\"302\" height=\"147\" \/><\/p>\n<p>Det forventes behandlet i udvalget i september eller oktober<\/p>\n<p>For yderlig l\u00e6sning.<\/p>\n<p><a href=\"http:\/\/europarl.europa.eu\/committees\/da\/peti\/home.html\" target=\"_blank\" rel=\"noopener noreferrer\"><span style=\"text-decoration: underline;\">Udvalget for borgerklager<\/span><\/a><br \/>\n&nbsp;<br \/>\n<a href=\"http:\/\/sf.dk\/seneste-nyt\/\" target=\"_blank\" rel=\"noopener noreferrer\"><span style=\"text-decoration: underline;\">sf.dk \/seneste-nyt<\/span><\/a><br \/>\n&nbsp;<br \/>\n<a href=\"http:\/\/greens-efa.eu\/\" target=\"_blank\" rel=\"noopener noreferrer\"><span style=\"text-decoration: underline;\">Du kan finde den Gr\u00f8nne gruppe i parlamentet her<\/span><\/a><\/p>\n<hr \/>\n<p>FAKTA-BOX<br \/>\nTRE DANSKE FAMILIER OG EN JAPANER<br \/>\nHavbrugsbranchen best\u00e5r reelt kun af tre danske familier og en japaner, nemlig familien Pedersen fra Hjarn\u00f8 Havbrug A\/S og familien Petersen fra Snaptun Fisk Export A\/S i Snaptun, familien Priess fra Aquapri A\/S i Frederiksv\u00e6rk samt det japanske ejede Musholm A\/S p\u00e5 Reers\u00f8. De fire st\u00e5r bag stort set al havbrugsforurening i Danmark og har i \u00e5rtier f\u00e5et afslag p\u00e5 at udvide deres havbrug, der stort set alle ligger under en s\u00f8mil fra land.<\/p>\n<p>GRATIS AT SVINE<br \/>\nHverken de tre danske familier eller det japansk-ejede Musholm A\/S betaler i \u00f8vrigt, ikke noget som helst for at afsp\u00e6rre store havomr\u00e5de og derefter udl\u00e6gge opdr\u00e6tsbure og lukke tonsvis af forurenende kv\u00e6lstof, fosfor, urin og fiskef\u00e6kalier og foder- og kobberrester og muligt resistensskabende antibiotikarester ud i milj\u00f8et.<\/p>\n","protected":false},"excerpt":{"rendered":"<p>SF\u00a0tager Esben Lunde Larsens havbrug til EU-Parlamentet. Som beskrevet i tidligere har SFs lokalpolitikere Mads Nikolajsen (Norddjurs), Ulla Holm (Sams\u00f8) og Kirstine Bille (Syddjurs) indgivet en klage til Parlamentets borgerklageudvalg (Petition). Skriver man i Margrete Aukens pressemeddelelse \u2013og forts\u00e6tter. Udvalget har nu vedtaget at den skal behandles som en hasteprocedure s\u00e5 der kan komme en [&hellip;]<\/p>\n","protected":false},"author":10,"featured_media":0,"comment_status":"open","ping_status":"open","sticky":false,"template":"","format":"standard","meta":{"footnotes":""},"categories":[1],"tags":[],"class_list":["post-88376","post","type-post","status-publish","format-standard","hentry","category-df-nyt-dk"],"_links":{"self":[{"href":"https:\/\/df-nyt.dk\/blog\/wp-json\/wp\/v2\/posts\/88376","targetHints":{"allow":["GET"]}}],"collection":[{"href":"https:\/\/df-nyt.dk\/blog\/wp-json\/wp\/v2\/posts"}],"about":[{"href":"https:\/\/df-nyt.dk\/blog\/wp-json\/wp\/v2\/types\/post"}],"author":[{"embeddable":true,"href":"https:\/\/df-nyt.dk\/blog\/wp-json\/wp\/v2\/users\/10"}],"replies":[{"embeddable":true,"href":"https:\/\/df-nyt.dk\/blog\/wp-json\/wp\/v2\/comments?post=88376"}],"version-history":[{"count":4,"href":"https:\/\/df-nyt.dk\/blog\/wp-json\/wp\/v2\/posts\/88376\/revisions"}],"predecessor-version":[{"id":102732,"href":"https:\/\/df-nyt.dk\/blog\/wp-json\/wp\/v2\/posts\/88376\/revisions\/102732"}],"wp:attachment":[{"href":"https:\/\/df-nyt.dk\/blog\/wp-json\/wp\/v2\/media?parent=88376"}],"wp:term":[{"taxonomy":"category","embeddable":true,"href":"https:\/\/df-nyt.dk\/blog\/wp-json\/wp\/v2\/categories?post=88376"},{"taxonomy":"post_tag","embeddable":true,"href":"https:\/\/df-nyt.dk\/blog\/wp-json\/wp\/v2\/tags?post=88376"}],"curies":[{"name":"wp","href":"https:\/\/api.w.org\/{rel}","templated":true}]}}