{"id":88401,"date":"2017-07-12T08:34:44","date_gmt":"2017-07-12T06:34:44","guid":{"rendered":"http:\/\/df-nyt.dk\/?p=88401"},"modified":"2024-02-08T20:24:38","modified_gmt":"2024-02-08T19:24:38","slug":"naeringsindhold-i-alkohol","status":"publish","type":"post","link":"https:\/\/df-nyt.dk\/blog\/naeringsindhold-i-alkohol\/","title":{"rendered":"N\u00e6ringsindhold i alkohol"},"content":{"rendered":"<p><img loading=\"lazy\" decoding=\"async\" src=\"https:\/\/df-nyt.dk\/\/wp-content\/uploads\/2016\/09\/060920160358.png\" alt=\"060920160358\" width=\"303\" height=\"53\" \"\/><\/p>\n<p>N\u00e6ringsindhold i alkohol<br \/>\nTirsdag eftermiddag<br \/>\nMilj\u00f8- og Sundhedsudvalget (ENVI) diskuterede m\u00e6rkning af vin og alkohol. Skriver man i Margrete Aukens pressemeddelelse<\/p>\n<p>\u2013og forts\u00e6tter.<br \/>\nI dag er drikke med alkohol, undtaget fra EU-reglerne om at man skal kunne l\u00e6se hvad f\u00f8devarer og drikke indeholder og hvor mange kalorier, fedt, sukker og protein der er i.<\/p>\n<p>Det mener Margrete og resten af De Gr\u00f8nne at der skal g\u00f8res noget ved: Et balanceret alkoholindtag er ikke noget problem, men forbrugerne skal have mulighed for at se hvad de spiser og drikker.<\/p>\n<p>Kommissionen fremlagde i juni med sit udspil til en strategi for alkoholm\u00e6rkning, og i den forbindelse er Parlamentet kommet med sin egeninitiativ-bet\u00e6nkning.<\/p>\n<p>Ligesom ved diskussionen i ENVI om Kommissionens udspil er det i bet\u00e6nkningen tydeligt at se at flere Parlamentsmedlemmer fra traditionelle vinproducentlande s\u00e6tter hensynet til alkoholproducenterne over forbrugerne og argumenterer for at det er for sv\u00e6rt for is\u00e6r sm\u00e5 vinb\u00f8nder at m\u00e6rke alkohol.<\/p>\n<p>For yderlig l\u00e6sning.<\/p>\n<p><a href=\"http:\/\/europarl.europa.eu\/committees\/da\/envi\/home.html\" target=\"_blank\" rel=\"noopener noreferrer\"><span style=\"text-decoration: underline;\">(ENVI) Milj\u00f8, Folkesundhed og F\u00f8devaresikkerhed<\/span><\/a><br \/>\n&nbsp;<br \/>\n<a href=\"https:\/\/sf.dk\/\" rel=\"noopener noreferrer\" target=\"_blank\"><span style=\"text-decoration: underline\">Seneste nyt fra SF<\/span><\/a><br \/>\n&nbsp;<br \/>\n<a href=\"https:\/\/greens-efa.eu\/en\/\" target=\"_blank\" rel=\"noopener noreferrer\"><span style=\"text-decoration: underline;\">Se den Gr\u00f8nne gruppe i parlamentet her<\/span><\/a><br \/>\n&nbsp;<\/p>\n","protected":false},"excerpt":{"rendered":"","protected":false},"author":10,"featured_media":0,"comment_status":"open","ping_status":"open","sticky":false,"template":"","format":"standard","meta":{"footnotes":""},"categories":[1],"tags":[],"class_list":["post-88401","post","type-post","status-publish","format-standard","hentry","category-df-nyt-dk"],"_links":{"self":[{"href":"https:\/\/df-nyt.dk\/blog\/wp-json\/wp\/v2\/posts\/88401","targetHints":{"allow":["GET"]}}],"collection":[{"href":"https:\/\/df-nyt.dk\/blog\/wp-json\/wp\/v2\/posts"}],"about":[{"href":"https:\/\/df-nyt.dk\/blog\/wp-json\/wp\/v2\/types\/post"}],"author":[{"embeddable":true,"href":"https:\/\/df-nyt.dk\/blog\/wp-json\/wp\/v2\/users\/10"}],"replies":[{"embeddable":true,"href":"https:\/\/df-nyt.dk\/blog\/wp-json\/wp\/v2\/comments?post=88401"}],"version-history":[{"count":2,"href":"https:\/\/df-nyt.dk\/blog\/wp-json\/wp\/v2\/posts\/88401\/revisions"}],"predecessor-version":[{"id":102688,"href":"https:\/\/df-nyt.dk\/blog\/wp-json\/wp\/v2\/posts\/88401\/revisions\/102688"}],"wp:attachment":[{"href":"https:\/\/df-nyt.dk\/blog\/wp-json\/wp\/v2\/media?parent=88401"}],"wp:term":[{"taxonomy":"category","embeddable":true,"href":"https:\/\/df-nyt.dk\/blog\/wp-json\/wp\/v2\/categories?post=88401"},{"taxonomy":"post_tag","embeddable":true,"href":"https:\/\/df-nyt.dk\/blog\/wp-json\/wp\/v2\/tags?post=88401"}],"curies":[{"name":"wp","href":"https:\/\/api.w.org\/{rel}","templated":true}]}}