{"id":88407,"date":"2017-07-12T11:28:24","date_gmt":"2017-07-12T09:28:24","guid":{"rendered":"http:\/\/df-nyt.dk\/?p=88407"},"modified":"2026-05-01T00:04:13","modified_gmt":"2026-04-30T22:04:13","slug":"vaekst-uden-arbejdspladser","status":"publish","type":"post","link":"https:\/\/df-nyt.dk\/blog\/vaekst-uden-arbejdspladser\/","title":{"rendered":"V\u00e6kst uden arbejdspladser?"},"content":{"rendered":"<p><img loading=\"lazy\" decoding=\"async\" class=\"size-full  alignnone\" src=\"http:\/\/df-nyt.dk\/\/wp-content\/uploads\/2016\/09\/060920160358.png\" alt=\"060920160358\" width=\"303\" height=\"53\" \/><\/p>\n<p>V\u00e6kst uden arbejdspladser?<br \/>\nSiden den finansielle krise i 2007-2008 er den \u00f8konomiske v\u00e6kst stille og roligt kommet i gang igen. Skriver man i Margrete Aukens pressemeddelelse<\/p>\n<p>\u2013 og forts\u00e6tter.<br \/>\nSelvom v\u00e6kst har v\u00e6ret et mantra for\u00a0l\u00f8sning af stort set\u00a0alle problemer siden krisen,<br \/>\ner der\u00a0hverken kommet flere arbejdspladser eller mindre fattigdom i EU.<\/p>\n<p><img loading=\"lazy\" decoding=\"async\" class=\"size-full wp-image-88411 alignnone\" src=\"http:\/\/df-nyt.dk\/\/wp-content\/uploads\/2017\/07\/120720171126.png\" alt=\"\" width=\"85\" height=\"108\" \/><\/p>\n<p>De Gr\u00f8nne og vores ene formand, belgiske Philippe Lamberts, har l\u00e6nge haft fokus p\u00e5 dette paradoks, blandt andet i <a href=\"http:\/\/www.us13.list-manage.com\/track\/click?u=8375d9ff0b24221a30605a3ce&amp;id=df7ae351a1&amp;e=d973e1ca9b\">denne rapport fra december 2016<\/a>.<\/p>\n<p>Onsdag morgen afholder Philippe en pressebriefing i de Gr\u00f8nnes m\u00f8delokale A5E1 om temaet for de v\u00e6kstinteresserede.<\/p>\n<p><a href=\"https:\/\/df-nyt.dk\/blog\/wp-content\/uploads\/2017\/07\/GEF_BackgroundStudy-screen-ok-120720171123.pdf\" target=\"_blank\" rel=\"noopener\"><span style=\"text-decoration: underline;\">Du kan hente rapporten her (PDF-fil)<\/span><\/a><\/p>\n<p>For yderlig l\u00e6sning.<\/p>\n<p><a href=\"http:\/\/europarl.europa.eu\/committees\/da\/envi\/home.html\" target=\"_blank\" rel=\"noopener\"><span style=\"text-decoration: underline;\">(ENVI) Milj\u00f8, Folkesundhed og F\u00f8devaresikkerhed<\/span><\/a><br \/>\n&nbsp;<br \/>\n<a href=\"http:\/\/sf.dk\/\" target=\"_blank\" rel=\"noopener\"><span style=\"text-decoration: underline;\">\/\/sf.dk\/seneste-nyt<\/span><\/a><br \/>\n&nbsp;<br \/>\n<a href=\"http:\/\/greens-efa.eu\/\" target=\"_blank\" rel=\"noopener\"><span style=\"text-decoration: underline;\">Se den Gr\u00f8nne gruppe i parlamentet her<\/span><\/a><\/p>\n","protected":false},"excerpt":{"rendered":"<p>V\u00e6kst uden arbejdspladser? Siden den finansielle krise i 2007-2008 er den \u00f8konomiske v\u00e6kst stille og roligt kommet i gang igen. Skriver man i Margrete Aukens pressemeddelelse \u2013 og forts\u00e6tter. Selvom v\u00e6kst har v\u00e6ret et mantra for\u00a0l\u00f8sning af stort set\u00a0alle problemer siden krisen, er der\u00a0hverken kommet flere arbejdspladser eller mindre fattigdom i EU. De Gr\u00f8nne og [&hellip;]<\/p>\n","protected":false},"author":10,"featured_media":0,"comment_status":"open","ping_status":"open","sticky":false,"template":"","format":"standard","meta":{"footnotes":""},"categories":[1],"tags":[],"class_list":["post-88407","post","type-post","status-publish","format-standard","hentry","category-df-nyt-dk"],"_links":{"self":[{"href":"https:\/\/df-nyt.dk\/blog\/wp-json\/wp\/v2\/posts\/88407","targetHints":{"allow":["GET"]}}],"collection":[{"href":"https:\/\/df-nyt.dk\/blog\/wp-json\/wp\/v2\/posts"}],"about":[{"href":"https:\/\/df-nyt.dk\/blog\/wp-json\/wp\/v2\/types\/post"}],"author":[{"embeddable":true,"href":"https:\/\/df-nyt.dk\/blog\/wp-json\/wp\/v2\/users\/10"}],"replies":[{"embeddable":true,"href":"https:\/\/df-nyt.dk\/blog\/wp-json\/wp\/v2\/comments?post=88407"}],"version-history":[{"count":4,"href":"https:\/\/df-nyt.dk\/blog\/wp-json\/wp\/v2\/posts\/88407\/revisions"}],"predecessor-version":[{"id":111974,"href":"https:\/\/df-nyt.dk\/blog\/wp-json\/wp\/v2\/posts\/88407\/revisions\/111974"}],"wp:attachment":[{"href":"https:\/\/df-nyt.dk\/blog\/wp-json\/wp\/v2\/media?parent=88407"}],"wp:term":[{"taxonomy":"category","embeddable":true,"href":"https:\/\/df-nyt.dk\/blog\/wp-json\/wp\/v2\/categories?post=88407"},{"taxonomy":"post_tag","embeddable":true,"href":"https:\/\/df-nyt.dk\/blog\/wp-json\/wp\/v2\/tags?post=88407"}],"curies":[{"name":"wp","href":"https:\/\/api.w.org\/{rel}","templated":true}]}}